{"id":121888,"date":"2024-04-30T13:08:46","date_gmt":"2024-04-30T16:08:46","guid":{"rendered":"https:\/\/onordeste.com.br\/?p=121879"},"modified":"2024-04-30T13:08:46","modified_gmt":"2024-04-30T16:08:46","slug":"feira-de-negocios-lanca-portal-de-servicos-e-informacoes-para-quem-quer-investir-no-centro","status":"publish","type":"post","link":"https:\/\/iparaiba.com.br\/index.php\/2024\/04\/30\/feira-de-negocios-lanca-portal-de-servicos-e-informacoes-para-quem-quer-investir-no-centro\/","title":{"rendered":"Feira de Neg\u00f3cios lan\u00e7a portal de servi\u00e7os e informa\u00e7\u00f5es para quem quer investir no Centro"},"content":{"rendered":"<p align=\"justify\">Investir no Centro da Cidade est\u00e1 mais f\u00e1cil. E para divulgar as a\u00e7\u00f5es e incentivos que est\u00e3o sendo oferecidos para quem quer investir na localidade, a C\u00e2mara Municipal de Jo\u00e3o Pessoa (CMJP) lan\u00e7ou um portal de servi\u00e7os e informa\u00e7\u00f5es (<span lang=\"zxx\"><u><a href=\"https:\/\/joaopessoa.pb.leg.br\/vivaocentro\/\" target=\"_blank\" rel=\"noopener\" data-saferedirecturl=\"https:\/\/www.google.com\/url?q=https:\/\/joaopessoa.pb.leg.br\/vivaocentro\/&amp;source=gmail&amp;ust=1714564886981000&amp;usg=AOvVaw2bor8oWgfMIMVH4bqYbJrT\">joaopessoa.pb.leg.br\/<wbr \/>vivaocentro<\/a><\/u><\/span>). O conte\u00fado \u00e9 uma das a\u00e7\u00f5es da Feira de Neg\u00f3cios Viva o Centro, que vai acontecer no Teatro do Sesc, no Centro, nos dias 2 e 3 de maio.<\/p>\n<p align=\"justify\">No portal Viva o Centro, a popula\u00e7\u00e3o encontra orienta\u00e7\u00f5es sobre como ter acesso aos incentivos fiscais e microcr\u00e9ditos oferecidos, al\u00e9m das a\u00e7\u00f5es de seguran\u00e7a e revitaliza\u00e7\u00e3o que est\u00e3o sendo executadas a fim de preservar o patrim\u00f4nio hist\u00f3rico e cultural da cidade.<\/p>\n<p align=\"justify\">O conte\u00fado traz mais informa\u00e7\u00f5es sobre os incentivos fiscais oferecidos, como isen\u00e7\u00e3o do Imposto Predial Territorial e Urbano (ITBI) e redu\u00e7\u00e3o do Imposto Sob Servi\u00e7os (ISS); programas de apoio e disponibilidade de microcr\u00e9dito para os empreendedores; a\u00e7\u00f5es de seguran\u00e7a p\u00fablica, como a instala\u00e7\u00e3o de 85 c\u00e2meras de monitoramento e a cria\u00e7\u00e3o da Patrulha do Com\u00e9rcio Seguro; a\u00e7\u00f5es de reforma e revitaliza\u00e7\u00e3o de pr\u00e9dios p\u00fablicos; e projetos de incentivo ao turismo e \u00e0 atividade cultural na regi\u00e3o.<\/p>\n<p align=\"justify\">As a\u00e7\u00f5es desenvolvidas fazem parte do programa \u2018Viva o Centro\u2019, que traz atividades visando \u00e0 promo\u00e7\u00e3o da regi\u00e3o central da cidade nas \u00e1reas de economia, seguran\u00e7a, infraestrutura, habita\u00e7\u00e3o, cultura, turismo e mobilidade. O programa \u00e9 fruto de uma parceria entre a Prefeitura de Jo\u00e3o Pessoa e o Governo do Estado, ap\u00f3s discuss\u00f5es levantadas pelo Legislativo Municipal para trazer nova movimenta\u00e7\u00e3o ao Centro Hist\u00f3rico. O resultado da parceria \u00e9 o maior pacote de medidas j\u00e1 realizado no Centro de Jo\u00e3o Pessoa, com investimentos na ordem de R$ 400 milh\u00f5es em recursos para a regi\u00e3o.<\/p>\n<p align=\"justify\">Os empres\u00e1rios interessados em investir no Centro de Jo\u00e3o Pessoa ter\u00e3o uma grande oportunidade para colocar em pr\u00e1tica os seus projetos, durante a Feira de Neg\u00f3cios Viva o Centro. O evento vai acontecer no Teatro do Sesc, no Centro, nos dias 2 e 3 de maio. L\u00e1, os empres\u00e1rios ter\u00e3o a oportunidade de saber como obter todos os incentivos fiscais oferecidos pelo Governo e pela Prefeitura, e iniciar os processos de ades\u00e3o aos programas. Haver\u00e1 estandes, tamb\u00e9m, enfocando o refor\u00e7o da seguran\u00e7a e investimentos em infraestrutura na \u00e1rea central, al\u00e9m de oferta de cr\u00e9dito atrav\u00e9s do Empreender Para\u00edba, do Governo, e do Programa Eu Posso, da Prefeitura.<\/p>\n","protected":false},"excerpt":{"rendered":"<p>Investir no Centro da Cidade est\u00e1 mais f\u00e1cil. E para divulgar as a\u00e7\u00f5es e incentivos que est\u00e3o sendo oferecidos para quem quer investir na localidade, a C\u00e2mara Municipal de Jo\u00e3o Pessoa (CMJP) lan\u00e7ou um portal de servi\u00e7os e informa\u00e7\u00f5es (joaopessoa.pb.leg.br\/vivaocentro). O conte\u00fado \u00e9 uma das a\u00e7\u00f5es da Feira de Neg\u00f3cios Viva o Centro, que vai &hellip;<\/p>\n","protected":false},"author":1,"featured_media":104130,"comment_status":"open","ping_status":"open","sticky":false,"template":"","format":"standard","meta":{"footnotes":""},"categories":[3],"tags":[],"class_list":["post-121888","post","type-post","status-publish","format-standard","has-post-thumbnail","hentry","category-nordeste"],"_links":{"self":[{"href":"https:\/\/iparaiba.com.br\/index.php\/wp-json\/wp\/v2\/posts\/121888","targetHints":{"allow":["GET"]}}],"collection":[{"href":"https:\/\/iparaiba.com.br\/index.php\/wp-json\/wp\/v2\/posts"}],"about":[{"href":"https:\/\/iparaiba.com.br\/index.php\/wp-json\/wp\/v2\/types\/post"}],"author":[{"embeddable":true,"href":"https:\/\/iparaiba.com.br\/index.php\/wp-json\/wp\/v2\/users\/1"}],"replies":[{"embeddable":true,"href":"https:\/\/iparaiba.com.br\/index.php\/wp-json\/wp\/v2\/comments?post=121888"}],"version-history":[{"count":1,"href":"https:\/\/iparaiba.com.br\/index.php\/wp-json\/wp\/v2\/posts\/121888\/revisions"}],"predecessor-version":[{"id":121916,"href":"https:\/\/iparaiba.com.br\/index.php\/wp-json\/wp\/v2\/posts\/121888\/revisions\/121916"}],"wp:featuredmedia":[{"embeddable":true,"href":"https:\/\/iparaiba.com.br\/index.php\/wp-json\/wp\/v2\/media\/104130"}],"wp:attachment":[{"href":"https:\/\/iparaiba.com.br\/index.php\/wp-json\/wp\/v2\/media?parent=121888"}],"wp:term":[{"taxonomy":"category","embeddable":true,"href":"https:\/\/iparaiba.com.br\/index.php\/wp-json\/wp\/v2\/categories?post=121888"},{"taxonomy":"post_tag","embeddable":true,"href":"https:\/\/iparaiba.com.br\/index.php\/wp-json\/wp\/v2\/tags?post=121888"}],"curies":[{"name":"wp","href":"https:\/\/api.w.org\/{rel}","templated":true}]}}