{"id":121870,"date":"2024-04-22T15:03:22","date_gmt":"2024-04-22T18:03:22","guid":{"rendered":"https:\/\/onordeste.com.br\/?p=121834"},"modified":"2024-04-22T15:03:22","modified_gmt":"2024-04-22T18:03:22","slug":"campina-grande-apresenta-plano-de-acao-para-ampliacao-dos-servicos-de-saude","status":"publish","type":"post","link":"https:\/\/iparaiba.com.br\/index.php\/2024\/04\/22\/campina-grande-apresenta-plano-de-acao-para-ampliacao-dos-servicos-de-saude\/","title":{"rendered":"Campina Grande apresenta plano de a\u00e7\u00e3o para amplia\u00e7\u00e3o dos servi\u00e7os de Sa\u00fade"},"content":{"rendered":"<p>Em reuni\u00e3o realizada no Minist\u00e9rio P\u00fablico da Para\u00edba (MPPB), na manh\u00e3 desta segunda-feira (22), a Prefeitura de Campina Grande e a Arte Produ\u00e7\u00f5es, empresa organizadora d\u2019O Maior S\u00e3o Jo\u00e3o do Mundo, dialogaram sobre as a\u00e7\u00f5es do Plano de Sa\u00fade a serem ampliadas durante os festejos juninos do Munic\u00edpio.<\/p>\n<p>O secret\u00e1rio Municipal de Sa\u00fade, Carlos Dunga J\u00fanior, destacou o empenho da gest\u00e3o municipal em tornar, ainda maior, o leque de servi\u00e7os de sa\u00fade. Segundo o secret\u00e1rio, essa amplia\u00e7\u00e3o ocorrer\u00e1 n\u00e3o apenas no Parque do Povo, mas tamb\u00e9m nos distritos e outros locais que atuam diretamente na realiza\u00e7\u00e3o da festa.<\/p>\n<p>\u201cApresentamos o nosso plano de a\u00e7\u00e3o que contempla n\u00e3o apenas o Parque do Povo, mas tamb\u00e9m todos os locais que t\u00eam evento na cidade, a exemplo de Galante e da Vila S\u00edtio S\u00e3o Jo\u00e3o. Teremos ampliados nossos servi\u00e7os no Parque do Povo, devido \u00e0 grandiosidade da edi\u00e7\u00e3o deste ano e tamb\u00e9m teremos medidas de car\u00e1ter preventivo, com a\u00e7\u00f5es educativas, preventivas, de aten\u00e7\u00e3o e emerg\u00eancia, por parte da Secretaria Municipal de Sa\u00fade\u201d, disse Dunga J\u00fanior.<\/p>\n<p>O plano de a\u00e7\u00f5es, apresentado pela Secretaria Municipal de Sa\u00fade, versa sobre melhorias na qualidade dos atendimentos dos servi\u00e7os de sa\u00fade aos forrozeiros durante as 33 noites de forr\u00f3, onde as equipes trabalhar\u00e3o em cronogramas de plant\u00f5es em Postos de Atendimento em Urg\u00eancia e Emerg\u00eancia e de Vigil\u00e2ncia em Sa\u00fade, instalados em pontos estrat\u00e9gicos do evento.<\/p>\n<p>\u201cO Minist\u00e9rio P\u00fablico est\u00e1 sempre aberto \u00e0 essas discuss\u00f5es para estar junto, quando for necess\u00e1rio. Que essa festa, que t\u00e3o \u00e9 importante para a cidade, para a economia e para as pessoas, seja um sucesso na seguran\u00e7a, mas tamb\u00e9m na sa\u00fade. Para quem vem, e para quem j\u00e1 est\u00e1 aqui\u201d, afirmou Adriana Amorim, promotora de Justi\u00e7a da Sa\u00fade de Campina Grande.<\/p>\n<p>Na edi\u00e7\u00e3o 2024 d\u2019O Maior S\u00e3o Jo\u00e3o do Mundo, a gest\u00e3o municipal de Sa\u00fade contar\u00e1 com uma equipe interdisciplinar, composta por equipes de urg\u00eancia e emerg\u00eancia com m\u00e9dicos, enfermeiros, t\u00e9cnicos de enfermagem, condutores socorristas e maqueiros, bem como equipes de Vigil\u00e2ncia em Sa\u00fade (ambiental, do trabalhador, Vigil\u00e2ncia Sanit\u00e1ria, epidemiol\u00f3gica e CIEVS \u2013 Centro de Informa\u00e7\u00f5es Estrat\u00e9gias de Vigil\u00e2ncia em Sa\u00fade) e equipes de apoio em manuten\u00e7\u00e3o e log\u00edstica como seguran\u00e7as, auxiliares de servi\u00e7os gerais e condutores.<\/p>\n<p>Na reuni\u00e3o tamb\u00e9m estiveram presentes a secret\u00e1ria de Desenvolvimento Econ\u00f4mico (SEDE), T\u00e2mela Fama; o comandante do Corpo de Bombeiros, coronel Jean Carlos Ben\u00edcio; Monique Fernandes, produtora executiva da Arte Produ\u00e7\u00f5es; B\u00e1rbara Arag\u00e3o, coordenadora dos atendimentos de Sa\u00fade no S\u00e3o Jo\u00e3o; entre outras autoridades.<\/p>\n<p>Codecom<\/p>\n","protected":false},"excerpt":{"rendered":"<p>Em reuni\u00e3o realizada no Minist\u00e9rio P\u00fablico da Para\u00edba (MPPB), na manh\u00e3 desta segunda-feira (22), a Prefeitura de Campina Grande e a Arte Produ\u00e7\u00f5es, empresa organizadora d\u2019O Maior S\u00e3o Jo\u00e3o do Mundo, dialogaram sobre as a\u00e7\u00f5es do Plano de Sa\u00fade a serem ampliadas durante os festejos juninos do Munic\u00edpio. O secret\u00e1rio Municipal de Sa\u00fade, Carlos Dunga &hellip;<\/p>\n","protected":false},"author":1,"featured_media":116801,"comment_status":"open","ping_status":"open","sticky":false,"template":"","format":"standard","meta":{"footnotes":""},"categories":[4],"tags":[],"class_list":["post-121870","post","type-post","status-publish","format-standard","has-post-thumbnail","hentry","category-cultura"],"_links":{"self":[{"href":"https:\/\/iparaiba.com.br\/index.php\/wp-json\/wp\/v2\/posts\/121870","targetHints":{"allow":["GET"]}}],"collection":[{"href":"https:\/\/iparaiba.com.br\/index.php\/wp-json\/wp\/v2\/posts"}],"about":[{"href":"https:\/\/iparaiba.com.br\/index.php\/wp-json\/wp\/v2\/types\/post"}],"author":[{"embeddable":true,"href":"https:\/\/iparaiba.com.br\/index.php\/wp-json\/wp\/v2\/users\/1"}],"replies":[{"embeddable":true,"href":"https:\/\/iparaiba.com.br\/index.php\/wp-json\/wp\/v2\/comments?post=121870"}],"version-history":[{"count":0,"href":"https:\/\/iparaiba.com.br\/index.php\/wp-json\/wp\/v2\/posts\/121870\/revisions"}],"wp:featuredmedia":[{"embeddable":true,"href":"https:\/\/iparaiba.com.br\/index.php\/wp-json\/wp\/v2\/media\/116801"}],"wp:attachment":[{"href":"https:\/\/iparaiba.com.br\/index.php\/wp-json\/wp\/v2\/media?parent=121870"}],"wp:term":[{"taxonomy":"category","embeddable":true,"href":"https:\/\/iparaiba.com.br\/index.php\/wp-json\/wp\/v2\/categories?post=121870"},{"taxonomy":"post_tag","embeddable":true,"href":"https:\/\/iparaiba.com.br\/index.php\/wp-json\/wp\/v2\/tags?post=121870"}],"curies":[{"name":"wp","href":"https:\/\/api.w.org\/{rel}","templated":true}]}}