{"id":121867,"date":"2024-04-22T16:59:28","date_gmt":"2024-04-22T19:59:28","guid":{"rendered":"https:\/\/onordeste.com.br\/?p=121826"},"modified":"2024-04-22T16:59:28","modified_gmt":"2024-04-22T19:59:28","slug":"ccj-aprecia-30-materias","status":"publish","type":"post","link":"https:\/\/iparaiba.com.br\/index.php\/2024\/04\/22\/ccj-aprecia-30-materias\/","title":{"rendered":"CCJ aprecia 30 mat\u00e9rias"},"content":{"rendered":"<p>A Comiss\u00e3o de Constitui\u00e7\u00e3o, Justi\u00e7a, Reda\u00e7\u00e3o e Legisla\u00e7\u00e3o Participativa (CCJ) da C\u00e2mara Municipal de Jo\u00e3o Pessoa (CMJP) apreciou 30 mat\u00e9rias. Dentre elas, foram acatados 11 Projetos de Lei Ordin\u00e1ria (PLO), dois Projetos de Lei Complementar (PLC), dois Projetos de Resolu\u00e7\u00e3o (PR) e dois Projetos de Decreto Legislativo (PDL). Ainda oito PLOs foram rejeitados, dois foram retirados de pauta e outros tr\u00eas receberam pedido de vista.<\/p>\n<p>O PLC\u00a0<a href=\"https:\/\/sapl.joaopessoa.pb.leg.br\/materia\/pesquisar-materia?tipo=5&amp;ementa=&amp;numero=37&amp;numeracao__numero_materia=&amp;numero_protocolo=&amp;ano=2023&amp;autoria__autor=&amp;autoria__primeiro_autor=unknown&amp;autoria__autor__tipo=&amp;autoria__autor__parlamentar_set__filiacao__part\" target=\"_blank\" rel=\"noopener\" data-saferedirecturl=\"https:\/\/www.google.com\/url?q=https:\/\/sapl.joaopessoa.pb.leg.br\/materia\/pesquisar-materia?tipo%3D5%26ementa%3D%26numero%3D37%26numeracao__numero_materia%3D%26numero_protocolo%3D%26ano%3D2023%26autoria__autor%3D%26autoria__primeiro_autor%3Dunknown%26autoria__autor__tipo%3D%26autoria__autor__parlamentar_set__filiacao__part&amp;source=gmail&amp;ust=1713902142258000&amp;usg=AOvVaw2jOQEPKk7WB9Xx4XDa5zWZ\">37\/2023<\/a>, de Dam\u00e1sio Franca (PP), acatado, acrescenta o art. 90 \u2013 A \u00e0 Lei Complementar 07\/1995, que institui o C\u00f3digo de Posturas do Munic\u00edpio de Jo\u00e3o Pessoa, que passa a ter a seguinte reda\u00e7\u00e3o: \u201cA faixa de pedestre na via p\u00fablica deve ter largura compat\u00edvel com o volume de pedestres e garantir, por meio de demarca\u00e7\u00e3o com sinaliza\u00e7\u00e3o horizontal, passagem separada em ambos os sentidos, evitando colis\u00e3o de pedestres\u201d. J\u00e1 o \u00a7 1\u00ba fica com a seguinte reda\u00e7\u00e3o: \u201cNos trechos de maior fluxo de ve\u00edculos e n\u00e3o sinalizados por sem\u00e1foro, ser\u00e1 implantado sistema de sinaliza\u00e7\u00e3o luminosa especial de faixa de pedestre, que ser\u00e1 acionado pelo pr\u00f3prio pedestre por meio de um bot\u00e3o ou atrav\u00e9s de intelig\u00eancia artificial que identifique a presen\u00e7a humana em faixa de pedestres\u201d. Por sua vez, o \u00a7 2\u00ba preconiza que o sistema de sinaliza\u00e7\u00e3o luminosa especial de faixa de pedestre ser\u00e1 alimentado por pain\u00e9is solares, que emitir\u00e3o sinais luminosos de LED durante a travessia, por per\u00edodo program\u00e1vel, informando aos ve\u00edculos que devem aguardar os pedestres atravessarem, ao mesmo tempo em que sinaliza o momento correto para o pedestre realizar a travessia.<\/p>\n<p>O outro PLC acatado foi o\u00a0<a href=\"https:\/\/sapl.joaopessoa.pb.leg.br\/materia\/pesquisar-materia?tipo=5&amp;ementa=&amp;numero=54&amp;numeracao__numero_materia=&amp;numero_protocolo=&amp;ano=2024&amp;autoria__autor=&amp;autoria__primeiro_autor=unknown&amp;autoria__autor__tipo=&amp;autoria__autor__parlamentar_set__filiacao__part\" target=\"_blank\" rel=\"noopener\" data-saferedirecturl=\"https:\/\/www.google.com\/url?q=https:\/\/sapl.joaopessoa.pb.leg.br\/materia\/pesquisar-materia?tipo%3D5%26ementa%3D%26numero%3D54%26numeracao__numero_materia%3D%26numero_protocolo%3D%26ano%3D2024%26autoria__autor%3D%26autoria__primeiro_autor%3Dunknown%26autoria__autor__tipo%3D%26autoria__autor__parlamentar_set__filiacao__part&amp;source=gmail&amp;ust=1713902142258000&amp;usg=AOvVaw0ZBTE_d00nFB2kpdHu6XSS\">54\/2024<\/a>, de Durval Ferreira (PL), determinando que o artigo 2\u00ba da Lei Complementar 150\/2022 passa a vigorar com a seguinte reda\u00e7\u00e3o: \u201cAs edifica\u00e7\u00f5es irregulares ou clandestinas, conclu\u00eddas ou em constru\u00e7\u00e3o at\u00e9 01 de mar\u00e7o de 2024, poder\u00e3o ser regularizadas, desde que atendam \u00e0s condi\u00e7\u00f5es m\u00ednimas de higiene, de seguran\u00e7a, de uso, de salubridade, de acessibilidade, e de habitabilidade, observadas, ainda, as disposi\u00e7\u00f5es constantes na legisla\u00e7\u00e3o ambiental e nesta norma\u201d.<\/p>\n<p>Um dos PRs acatados foi o\u00a0<a href=\"https:\/\/sapl.joaopessoa.pb.leg.br\/materia\/pesquisar-materia?tipo=2&amp;ementa=&amp;numero=40&amp;numeracao__numero_materia=&amp;numero_protocolo=&amp;ano=2024&amp;autoria__autor=&amp;autoria__primeiro_autor=unknown&amp;autoria__autor__tipo=&amp;autoria__autor__parlamentar_set__filiacao__part\" target=\"_blank\" rel=\"noopener\" data-saferedirecturl=\"https:\/\/www.google.com\/url?q=https:\/\/sapl.joaopessoa.pb.leg.br\/materia\/pesquisar-materia?tipo%3D2%26ementa%3D%26numero%3D40%26numeracao__numero_materia%3D%26numero_protocolo%3D%26ano%3D2024%26autoria__autor%3D%26autoria__primeiro_autor%3Dunknown%26autoria__autor__tipo%3D%26autoria__autor__parlamentar_set__filiacao__part&amp;source=gmail&amp;ust=1713902142258000&amp;usg=AOvVaw19fCykou4WgPB888pnrD_c\">40\/2024<\/a>, de Carl\u00e3o (PL), que cria a Medalha S\u00e3o Bento, que ser\u00e1 entregue \u00e0s autoridades religiosas crist\u00e3s que, por meio de suas atividades e contribui\u00e7\u00f5es, tenham demonstrado excel\u00eancia, dedica\u00e7\u00e3o e relev\u00e2ncia na f\u00e9, caridade e ora\u00e7\u00e3o. O outro PR que recebeu parecer favor\u00e1vel foi o\u00a0<a href=\"https:\/\/sapl.joaopessoa.pb.leg.br\/materia\/pesquisar-materia?tipo=2&amp;ementa=&amp;numero=41&amp;numeracao__numero_materia=&amp;numero_protocolo=&amp;ano=2024&amp;autoria__autor=&amp;autoria__primeiro_autor=unknown&amp;autoria__autor__tipo=&amp;autoria__autor__parlamentar_set__filiacao__part\" target=\"_blank\" rel=\"noopener\" data-saferedirecturl=\"https:\/\/www.google.com\/url?q=https:\/\/sapl.joaopessoa.pb.leg.br\/materia\/pesquisar-materia?tipo%3D2%26ementa%3D%26numero%3D41%26numeracao__numero_materia%3D%26numero_protocolo%3D%26ano%3D2024%26autoria__autor%3D%26autoria__primeiro_autor%3Dunknown%26autoria__autor__tipo%3D%26autoria__autor__parlamentar_set__filiacao__part&amp;source=gmail&amp;ust=1713902142258000&amp;usg=AOvVaw0R_LTi8Mvc12Suj1Dx5XPM\">41\/2024<\/a>, de Eliza Virg\u00ednia (PP), instituindo o \u2018Diploma da Mulher Not\u00e1vel\u2019, a ser concedida pela CMJP como forma de homenagear mulheres que se destacam nas \u00e1reas do empreendedorismo, cultura, educa\u00e7\u00e3o, assist\u00eancia social e lideran\u00e7a.<\/p>\n<p>Entre os PLOs, destaque para os seguintes: o\u00a0<a href=\"https:\/\/sapl.joaopessoa.pb.leg.br\/materia\/pesquisar-materia?tipo=1&amp;ementa=&amp;numero=1539&amp;numeracao__numero_materia=&amp;numero_protocolo=&amp;ano=2023&amp;autoria__autor=&amp;autoria__primeiro_autor=unknown&amp;autoria__autor__tipo=&amp;autoria__autor__parlamentar_set__filiacao__pa\" target=\"_blank\" rel=\"noopener\" data-saferedirecturl=\"https:\/\/www.google.com\/url?q=https:\/\/sapl.joaopessoa.pb.leg.br\/materia\/pesquisar-materia?tipo%3D1%26ementa%3D%26numero%3D1539%26numeracao__numero_materia%3D%26numero_protocolo%3D%26ano%3D2023%26autoria__autor%3D%26autoria__primeiro_autor%3Dunknown%26autoria__autor__tipo%3D%26autoria__autor__parlamentar_set__filiacao__pa&amp;source=gmail&amp;ust=1713902142258000&amp;usg=AOvVaw110XLL5UXiQ-dyl25cJ9_O\">1539\/2023<\/a>, de Bosquinho (PV), obrigando os clubes sociais e esportivos, condom\u00ednios, hot\u00e9is, academias e outros assemelhados, onde haja piscinas de uso coletivo a colocarem dispositivos que interrompam o processo de suc\u00e7\u00e3o dos ralos das piscinas; e o PLO\u00a0<a href=\"https:\/\/sapl.joaopessoa.pb.leg.br\/materia\/pesquisar-materia?tipo=1&amp;ementa=&amp;numero=1843&amp;numeracao__numero_materia=&amp;numero_protocolo=&amp;ano=2023&amp;autoria__autor=&amp;autoria__primeiro_autor=unknown&amp;autoria__autor__tipo=&amp;autoria__autor__parlamentar_set__filiacao__pa\" target=\"_blank\" rel=\"noopener\" data-saferedirecturl=\"https:\/\/www.google.com\/url?q=https:\/\/sapl.joaopessoa.pb.leg.br\/materia\/pesquisar-materia?tipo%3D1%26ementa%3D%26numero%3D1843%26numeracao__numero_materia%3D%26numero_protocolo%3D%26ano%3D2023%26autoria__autor%3D%26autoria__primeiro_autor%3Dunknown%26autoria__autor__tipo%3D%26autoria__autor__parlamentar_set__filiacao__pa&amp;source=gmail&amp;ust=1713902142258000&amp;usg=AOvVaw2_MgjC0k9DpIA0AoSSudCx\">1843\/2023<\/a>, de Odon Bezerra (PSB), determinando que os profissionais e funcion\u00e1rios que trabalham na \u00e1rea da sa\u00fade dever\u00e3o apresentar, periodicamente, o comprovante de vacina\u00e7\u00e3o, sendo que os profissionais dessas \u00e1reas dever\u00e3o ser vacinados contra t\u00e9tano, febre amarela, difteria, hepatite B, tr\u00edplice viral e demais vacinas necess\u00e1rias para preven\u00e7\u00e3o de doen\u00e7as imunopreven\u00edveis.<\/p>\n<p>Ainda foram acatados dois Projetos de Decreto Legislativo (PDL) com homenagens a personalidades locais pelo extraordin\u00e1rio valor e servi\u00e7os prestados \u00e0 cidade de Jo\u00e3o Pessoa. O\u00a0<a href=\"https:\/\/sapl.joaopessoa.pb.leg.br\/materia\/pesquisar-materia?tipo=6&amp;ementa=&amp;numero=228&amp;numeracao__numero_materia=&amp;numero_protocolo=&amp;ano=2024&amp;autoria__autor=&amp;autoria__primeiro_autor=unknown&amp;autoria__autor__tipo=&amp;autoria__autor__parlamentar_set__filiacao__par\" target=\"_blank\" rel=\"noopener\" data-saferedirecturl=\"https:\/\/www.google.com\/url?q=https:\/\/sapl.joaopessoa.pb.leg.br\/materia\/pesquisar-materia?tipo%3D6%26ementa%3D%26numero%3D228%26numeracao__numero_materia%3D%26numero_protocolo%3D%26ano%3D2024%26autoria__autor%3D%26autoria__primeiro_autor%3Dunknown%26autoria__autor__tipo%3D%26autoria__autor__parlamentar_set__filiacao__par&amp;source=gmail&amp;ust=1713902142258000&amp;usg=AOvVaw37kpMV19l9cERWH2qdaRSr\">228\/2024<\/a>, do vereador Marc\u00edlio do HBE (Republicanos), outorga o T\u00edtulo de Cidad\u00e3o Pessoense<\/p>\n<p>ao m\u00e9dico cardiologista, natural de S\u00e3o Paulo, Lenine \u00c2ngelo Alves Silva. O\u00a0<a href=\"https:\/\/sapl.joaopessoa.pb.leg.br\/materia\/pesquisar-materia?tipo=6&amp;ementa=&amp;numero=238&amp;numeracao__numero_materia=&amp;numero_protocolo=&amp;ano=2024&amp;autoria__autor=&amp;autoria__primeiro_autor=unknown&amp;autoria__autor__tipo=&amp;autoria__autor__parlamentar_set__filiacao__par\" target=\"_blank\" rel=\"noopener\" data-saferedirecturl=\"https:\/\/www.google.com\/url?q=https:\/\/sapl.joaopessoa.pb.leg.br\/materia\/pesquisar-materia?tipo%3D6%26ementa%3D%26numero%3D238%26numeracao__numero_materia%3D%26numero_protocolo%3D%26ano%3D2024%26autoria__autor%3D%26autoria__primeiro_autor%3Dunknown%26autoria__autor__tipo%3D%26autoria__autor__parlamentar_set__filiacao__par&amp;source=gmail&amp;ust=1713902142258000&amp;usg=AOvVaw1f9aH3lpahSUgmDGrDTTb0\">238\/2024<\/a>, do presidente da CMJP, vereador Dinho Dowsley (PSD), concede a Medalha Cidade de Jo\u00e3o Pessoa ao m\u00e9dico anestesiologista Jo\u00e3o Bezerra J\u00fanior.<\/p>\n<p>CMJP<\/p>\n","protected":false},"excerpt":{"rendered":"<p>A Comiss\u00e3o de Constitui\u00e7\u00e3o, Justi\u00e7a, Reda\u00e7\u00e3o e Legisla\u00e7\u00e3o Participativa (CCJ) da C\u00e2mara Municipal de Jo\u00e3o Pessoa (CMJP) apreciou 30 mat\u00e9rias. Dentre elas, foram acatados 11 Projetos de Lei Ordin\u00e1ria (PLO), dois Projetos de Lei Complementar (PLC), dois Projetos de Resolu\u00e7\u00e3o (PR) e dois Projetos de Decreto Legislativo (PDL). Ainda oito PLOs foram rejeitados, dois foram &hellip;<\/p>\n","protected":false},"author":1,"featured_media":97717,"comment_status":"open","ping_status":"open","sticky":false,"template":"","format":"standard","meta":{"footnotes":""},"categories":[8],"tags":[],"class_list":["post-121867","post","type-post","status-publish","format-standard","has-post-thumbnail","hentry","category-politica"],"_links":{"self":[{"href":"https:\/\/iparaiba.com.br\/index.php\/wp-json\/wp\/v2\/posts\/121867","targetHints":{"allow":["GET"]}}],"collection":[{"href":"https:\/\/iparaiba.com.br\/index.php\/wp-json\/wp\/v2\/posts"}],"about":[{"href":"https:\/\/iparaiba.com.br\/index.php\/wp-json\/wp\/v2\/types\/post"}],"author":[{"embeddable":true,"href":"https:\/\/iparaiba.com.br\/index.php\/wp-json\/wp\/v2\/users\/1"}],"replies":[{"embeddable":true,"href":"https:\/\/iparaiba.com.br\/index.php\/wp-json\/wp\/v2\/comments?post=121867"}],"version-history":[{"count":0,"href":"https:\/\/iparaiba.com.br\/index.php\/wp-json\/wp\/v2\/posts\/121867\/revisions"}],"wp:featuredmedia":[{"embeddable":true,"href":"https:\/\/iparaiba.com.br\/index.php\/wp-json\/wp\/v2\/media\/97717"}],"wp:attachment":[{"href":"https:\/\/iparaiba.com.br\/index.php\/wp-json\/wp\/v2\/media?parent=121867"}],"wp:term":[{"taxonomy":"category","embeddable":true,"href":"https:\/\/iparaiba.com.br\/index.php\/wp-json\/wp\/v2\/categories?post=121867"},{"taxonomy":"post_tag","embeddable":true,"href":"https:\/\/iparaiba.com.br\/index.php\/wp-json\/wp\/v2\/tags?post=121867"}],"curies":[{"name":"wp","href":"https:\/\/api.w.org\/{rel}","templated":true}]}}