{"id":121866,"date":"2024-04-22T16:58:04","date_gmt":"2024-04-22T19:58:04","guid":{"rendered":"https:\/\/onordeste.com.br\/?p=121824"},"modified":"2024-04-22T16:58:04","modified_gmt":"2024-04-22T19:58:04","slug":"familia-amigos-e-autoridades-se-despedem-do-ex-deputado-agassis","status":"publish","type":"post","link":"https:\/\/iparaiba.com.br\/index.php\/2024\/04\/22\/familia-amigos-e-autoridades-se-despedem-do-ex-deputado-agassis\/","title":{"rendered":"Fam\u00edlia, amigos e autoridades se despedem do ex-deputado Agassis"},"content":{"rendered":"<p>O corpo do ex-deputado e ex-promotor de Justi\u00e7a Agassis Almeida, que morreu na noite deste domingo (21), aos 88 anos, em sua resid\u00eancia, em Jo\u00e3o Pessoa, foi velado durante todo o dia desta segunda-feira (22) no Sal\u00e3o Nobre da Assembleia Legislativa da Para\u00edba (ALPB).<\/p>\n<p>Agentes p\u00fablicos de todos os n\u00edveis, parlamentares, empres\u00e1rios, parentes, amigos e a popula\u00e7\u00e3o em geral deram um \u00faltimo adeus ao pol\u00edtico paraibano, que foi uma das primeiras v\u00edtimas da Ditadura Militar e inscreveu o seu nome na Constituinte de 1988. Por volta das 15h, o corpo seguiu em cortejo para ser enterrado no Cemit\u00e9rio Parque das Ac\u00e1cias, no bairro do Jos\u00e9 Am\u00e9rico, na capital paraibana.<\/p>\n","protected":false},"excerpt":{"rendered":"<p>O corpo do ex-deputado e ex-promotor de Justi\u00e7a Agassis Almeida, que morreu na noite deste domingo (21), aos 88 anos, em sua resid\u00eancia, em Jo\u00e3o Pessoa, foi velado durante todo o dia desta segunda-feira (22) no Sal\u00e3o Nobre da Assembleia Legislativa da Para\u00edba (ALPB). Agentes p\u00fablicos de todos os n\u00edveis, parlamentares, empres\u00e1rios, parentes, amigos e &hellip;<\/p>\n","protected":false},"author":1,"featured_media":98405,"comment_status":"open","ping_status":"open","sticky":false,"template":"","format":"standard","meta":{"footnotes":""},"categories":[8],"tags":[],"class_list":["post-121866","post","type-post","status-publish","format-standard","has-post-thumbnail","hentry","category-politica"],"_links":{"self":[{"href":"https:\/\/iparaiba.com.br\/index.php\/wp-json\/wp\/v2\/posts\/121866","targetHints":{"allow":["GET"]}}],"collection":[{"href":"https:\/\/iparaiba.com.br\/index.php\/wp-json\/wp\/v2\/posts"}],"about":[{"href":"https:\/\/iparaiba.com.br\/index.php\/wp-json\/wp\/v2\/types\/post"}],"author":[{"embeddable":true,"href":"https:\/\/iparaiba.com.br\/index.php\/wp-json\/wp\/v2\/users\/1"}],"replies":[{"embeddable":true,"href":"https:\/\/iparaiba.com.br\/index.php\/wp-json\/wp\/v2\/comments?post=121866"}],"version-history":[{"count":0,"href":"https:\/\/iparaiba.com.br\/index.php\/wp-json\/wp\/v2\/posts\/121866\/revisions"}],"wp:featuredmedia":[{"embeddable":true,"href":"https:\/\/iparaiba.com.br\/index.php\/wp-json\/wp\/v2\/media\/98405"}],"wp:attachment":[{"href":"https:\/\/iparaiba.com.br\/index.php\/wp-json\/wp\/v2\/media?parent=121866"}],"wp:term":[{"taxonomy":"category","embeddable":true,"href":"https:\/\/iparaiba.com.br\/index.php\/wp-json\/wp\/v2\/categories?post=121866"},{"taxonomy":"post_tag","embeddable":true,"href":"https:\/\/iparaiba.com.br\/index.php\/wp-json\/wp\/v2\/tags?post=121866"}],"curies":[{"name":"wp","href":"https:\/\/api.w.org\/{rel}","templated":true}]}}