{"id":121865,"date":"2024-04-24T18:26:32","date_gmt":"2024-04-24T21:26:32","guid":{"rendered":"https:\/\/onordeste.com.br\/?p=121864"},"modified":"2024-04-24T18:26:32","modified_gmt":"2024-04-24T21:26:32","slug":"pf-combate-o-comercio-de-notas-falsas","status":"publish","type":"post","link":"https:\/\/iparaiba.com.br\/index.php\/2024\/04\/24\/pf-combate-o-comercio-de-notas-falsas\/","title":{"rendered":"PF combate o com\u00e9rcio de notas falsas"},"content":{"rendered":"<p><strong>Ferreiros\/PE.<\/strong> A Pol\u00edcia Federal prendeu dois homens suspeitos de repasse de notas falsas no munic\u00edpio de Ferreiros\/PE.<\/p>\n<p>Policiais militares abordaram os homens ap\u00f3s den\u00fancias, e encontraram com eles c\u00e9dulas nos valores de R$ 200 e R$ 50, totalizando cerca de R$ 650 em notas falsas.<\/p>\n<p>Os suspeitos receberam voz de pris\u00e3o em flagrante e foram encaminhados \u00e0 Pol\u00edcia Federal, por se tratar de um crime de compet\u00eancia federal.<\/p>\n<p>Os suspeitos responder\u00e3o pelo crime de introduzir em circula\u00e7\u00e3o nota falsa e caso sejam condenados poder\u00e3o pegar penas que variam de tr\u00eas a 12 anos de reclus\u00e3o, al\u00e9m de multa.<\/p>\n<p><em>Comunica\u00e7\u00e3o Social da Pol\u00edcia Federal do Pernambuco<\/em><\/p>\n","protected":false},"excerpt":{"rendered":"<p>Ferreiros\/PE. A Pol\u00edcia Federal prendeu dois homens suspeitos de repasse de notas falsas no munic\u00edpio de Ferreiros\/PE. Policiais militares abordaram os homens ap\u00f3s den\u00fancias, e encontraram com eles c\u00e9dulas nos valores de R$ 200 e R$ 50, totalizando cerca de R$ 650 em notas falsas. Os suspeitos receberam voz de pris\u00e3o em flagrante e foram &hellip;<\/p>\n","protected":false},"author":1,"featured_media":108842,"comment_status":"open","ping_status":"open","sticky":false,"template":"","format":"standard","meta":{"footnotes":""},"categories":[13],"tags":[],"class_list":["post-121865","post","type-post","status-publish","format-standard","has-post-thumbnail","hentry","category-policial"],"_links":{"self":[{"href":"https:\/\/iparaiba.com.br\/index.php\/wp-json\/wp\/v2\/posts\/121865","targetHints":{"allow":["GET"]}}],"collection":[{"href":"https:\/\/iparaiba.com.br\/index.php\/wp-json\/wp\/v2\/posts"}],"about":[{"href":"https:\/\/iparaiba.com.br\/index.php\/wp-json\/wp\/v2\/types\/post"}],"author":[{"embeddable":true,"href":"https:\/\/iparaiba.com.br\/index.php\/wp-json\/wp\/v2\/users\/1"}],"replies":[{"embeddable":true,"href":"https:\/\/iparaiba.com.br\/index.php\/wp-json\/wp\/v2\/comments?post=121865"}],"version-history":[{"count":1,"href":"https:\/\/iparaiba.com.br\/index.php\/wp-json\/wp\/v2\/posts\/121865\/revisions"}],"predecessor-version":[{"id":121884,"href":"https:\/\/iparaiba.com.br\/index.php\/wp-json\/wp\/v2\/posts\/121865\/revisions\/121884"}],"wp:featuredmedia":[{"embeddable":true,"href":"https:\/\/iparaiba.com.br\/index.php\/wp-json\/wp\/v2\/media\/108842"}],"wp:attachment":[{"href":"https:\/\/iparaiba.com.br\/index.php\/wp-json\/wp\/v2\/media?parent=121865"}],"wp:term":[{"taxonomy":"category","embeddable":true,"href":"https:\/\/iparaiba.com.br\/index.php\/wp-json\/wp\/v2\/categories?post=121865"},{"taxonomy":"post_tag","embeddable":true,"href":"https:\/\/iparaiba.com.br\/index.php\/wp-json\/wp\/v2\/tags?post=121865"}],"curies":[{"name":"wp","href":"https:\/\/api.w.org\/{rel}","templated":true}]}}