{"id":121863,"date":"2024-04-24T14:00:25","date_gmt":"2024-04-24T17:00:25","guid":{"rendered":"https:\/\/onordeste.com.br\/?p=121860"},"modified":"2024-04-24T14:00:25","modified_gmt":"2024-04-24T17:00:25","slug":"pf-combate-grupo-criminoso-em-operacao-contra-trafico","status":"publish","type":"post","link":"https:\/\/iparaiba.com.br\/index.php\/2024\/04\/24\/pf-combate-grupo-criminoso-em-operacao-contra-trafico\/","title":{"rendered":"PF combate grupo criminoso em opera\u00e7\u00e3o contra tr\u00e1fico"},"content":{"rendered":"<p><b>Manaus\/AM.<\/b> A Pol\u00edcia Federal deflagrou a Opera\u00e7\u00e3o Narco Grooming, com o objetivo de combater grupo criminoso envolvido no esquema de aliciamento e financiamento de \u201cmulas\u201d do tr\u00e1fico interestadual de drogas.<\/p>\n<p>A opera\u00e7\u00e3o mobiliza mais de 70 policiais federais, que cumprem 4 mandados de pris\u00e3o preventiva, 8 medidas cautelares diversas da pris\u00e3o, 18 mandados de busca e apreens\u00e3o e o sequestro de 44 ve\u00edculos em Manaus\/AM, Tabatinga\/AM e Sorocaba\/SP.<\/p>\n<p>Com o uso de c\u00e3o farejador, foi realizada a pris\u00e3o em flagrante de indiv\u00edduo com mais de 10 kg de drogas no aeroporto internacional em Manaus.<\/p>\n<p>As investiga\u00e7\u00f5es apontaram a exist\u00eancia de um grupo criminoso que aliciava e financiava indiv\u00edduos que transportavam drogas para outros estados do Brasil, em especial, para S\u00e3o Paulo. Tamb\u00e9m foi identificado o sujeito que recepcionava a droga e a \u201cmula\u201d do tr\u00e1fico.<\/p>\n<p>Al\u00e9m disso, foi poss\u00edvel identificar, os respons\u00e1veis por lavar o dinheiro do grupo criminoso, que usavam pessoas interpostas (laranjas), empresas de fachada, dentre outras t\u00e9cnicas para lavagem de capitais, como, por exemplo, a compra e venda de ve\u00edculos.<\/p>\n<p>As medidas cautelares deferidas judicialmente visam obter elementos que comprovem a pr\u00e1tica dos crimes investigados, al\u00e9m de aprofundar a investiga\u00e7\u00e3o sobre a proced\u00eancia, destina\u00e7\u00e3o da droga e identifica\u00e7\u00e3o de outras pessoas envolvidas.<\/p>\n<p>As penas dos crimes de tr\u00e1fico de drogas, associa\u00e7\u00e3o paro tr\u00e1fico e lavagem de capitais podem ultrapassar 30 anos de reclus\u00e3o.<\/p>\n<p align=\"right\"><i>Comunica\u00e7\u00e3o Social da Pol\u00edcia Federal no Amazonas<\/i><\/p>\n","protected":false},"excerpt":{"rendered":"<p>Manaus\/AM. A Pol\u00edcia Federal deflagrou a Opera\u00e7\u00e3o Narco Grooming, com o objetivo de combater grupo criminoso envolvido no esquema de aliciamento e financiamento de \u201cmulas\u201d do tr\u00e1fico interestadual de drogas. A opera\u00e7\u00e3o mobiliza mais de 70 policiais federais, que cumprem 4 mandados de pris\u00e3o preventiva, 8 medidas cautelares diversas da pris\u00e3o, 18 mandados de busca &hellip;<\/p>\n","protected":false},"author":1,"featured_media":109502,"comment_status":"open","ping_status":"open","sticky":false,"template":"","format":"standard","meta":{"footnotes":""},"categories":[13],"tags":[],"class_list":["post-121863","post","type-post","status-publish","format-standard","has-post-thumbnail","hentry","category-policial"],"_links":{"self":[{"href":"https:\/\/iparaiba.com.br\/index.php\/wp-json\/wp\/v2\/posts\/121863","targetHints":{"allow":["GET"]}}],"collection":[{"href":"https:\/\/iparaiba.com.br\/index.php\/wp-json\/wp\/v2\/posts"}],"about":[{"href":"https:\/\/iparaiba.com.br\/index.php\/wp-json\/wp\/v2\/types\/post"}],"author":[{"embeddable":true,"href":"https:\/\/iparaiba.com.br\/index.php\/wp-json\/wp\/v2\/users\/1"}],"replies":[{"embeddable":true,"href":"https:\/\/iparaiba.com.br\/index.php\/wp-json\/wp\/v2\/comments?post=121863"}],"version-history":[{"count":1,"href":"https:\/\/iparaiba.com.br\/index.php\/wp-json\/wp\/v2\/posts\/121863\/revisions"}],"predecessor-version":[{"id":121882,"href":"https:\/\/iparaiba.com.br\/index.php\/wp-json\/wp\/v2\/posts\/121863\/revisions\/121882"}],"wp:featuredmedia":[{"embeddable":true,"href":"https:\/\/iparaiba.com.br\/index.php\/wp-json\/wp\/v2\/media\/109502"}],"wp:attachment":[{"href":"https:\/\/iparaiba.com.br\/index.php\/wp-json\/wp\/v2\/media?parent=121863"}],"wp:term":[{"taxonomy":"category","embeddable":true,"href":"https:\/\/iparaiba.com.br\/index.php\/wp-json\/wp\/v2\/categories?post=121863"},{"taxonomy":"post_tag","embeddable":true,"href":"https:\/\/iparaiba.com.br\/index.php\/wp-json\/wp\/v2\/tags?post=121863"}],"curies":[{"name":"wp","href":"https:\/\/api.w.org\/{rel}","templated":true}]}}