{"id":121855,"date":"2024-04-23T12:09:41","date_gmt":"2024-04-23T15:09:41","guid":{"rendered":"https:\/\/onordeste.com.br\/?p=121843"},"modified":"2024-04-23T12:09:41","modified_gmt":"2024-04-23T15:09:41","slug":"pagamento-dos-salarios-de-abril-dos-servidores","status":"publish","type":"post","link":"https:\/\/iparaiba.com.br\/index.php\/2024\/04\/23\/pagamento-dos-salarios-de-abril-dos-servidores\/","title":{"rendered":"Pagamento dos sal\u00e1rios de abril dos servidores"},"content":{"rendered":"<p>O pagamento do funcionalismo p\u00fablico estadual referente ao m\u00eas de abril ser\u00e1 efetuado na segunda-feira (29) e ter\u00e7a-feira (30) da pr\u00f3xima semana. No primeiro dia, recebem os aposentados e pensionistas e, no segundo dia, os servidores da ativa das administra\u00e7\u00f5es direta e indireta.<\/p>\n<p>O an\u00fancio foi feito pelo governador Jo\u00e3o Azev\u00eado, nesta segunda-feira (22), durante o programa semanal Conversa com o Governador, transmitido em cadeia estadual pela R\u00e1dio Tabajara.<\/p>\n<p>\u201cSer\u00e3o mais de R$ 674 milh\u00f5es investidos na economia do estado, contribuindo para que a Para\u00edba continue gerando emprego e renda, tenha sua estabilidade fiscal consolidada, honrando todos os seus compromissos e pagando os funcion\u00e1rios em dia, dentro do m\u00eas trabalhado, desde janeiro de 2019, fazendo com que o ambiente de neg\u00f3cio da Para\u00edba seja cada vez melhor\u201d, comentou o chefe do Executivo estadual.<\/p>\n<p><strong>Calend\u00e1rio de pagamento:<\/strong><\/p>\n<p>29\/04 &#8211; aposentados e pensionistas<\/p>\n<p>30\/04 &#8211; servidores da ativa das administra\u00e7\u00f5es direta e indireta<\/p>\n","protected":false},"excerpt":{"rendered":"<p>O pagamento do funcionalismo p\u00fablico estadual referente ao m\u00eas de abril ser\u00e1 efetuado na segunda-feira (29) e ter\u00e7a-feira (30) da pr\u00f3xima semana. No primeiro dia, recebem os aposentados e pensionistas e, no segundo dia, os servidores da ativa das administra\u00e7\u00f5es direta e indireta. O an\u00fancio foi feito pelo governador Jo\u00e3o Azev\u00eado, nesta segunda-feira (22), durante &hellip;<\/p>\n","protected":false},"author":1,"featured_media":108450,"comment_status":"open","ping_status":"open","sticky":false,"template":"","format":"standard","meta":{"footnotes":""},"categories":[12],"tags":[],"class_list":["post-121855","post","type-post","status-publish","format-standard","has-post-thumbnail","hentry","category-emprego"],"_links":{"self":[{"href":"https:\/\/iparaiba.com.br\/index.php\/wp-json\/wp\/v2\/posts\/121855","targetHints":{"allow":["GET"]}}],"collection":[{"href":"https:\/\/iparaiba.com.br\/index.php\/wp-json\/wp\/v2\/posts"}],"about":[{"href":"https:\/\/iparaiba.com.br\/index.php\/wp-json\/wp\/v2\/types\/post"}],"author":[{"embeddable":true,"href":"https:\/\/iparaiba.com.br\/index.php\/wp-json\/wp\/v2\/users\/1"}],"replies":[{"embeddable":true,"href":"https:\/\/iparaiba.com.br\/index.php\/wp-json\/wp\/v2\/comments?post=121855"}],"version-history":[{"count":1,"href":"https:\/\/iparaiba.com.br\/index.php\/wp-json\/wp\/v2\/posts\/121855\/revisions"}],"predecessor-version":[{"id":121874,"href":"https:\/\/iparaiba.com.br\/index.php\/wp-json\/wp\/v2\/posts\/121855\/revisions\/121874"}],"wp:featuredmedia":[{"embeddable":true,"href":"https:\/\/iparaiba.com.br\/index.php\/wp-json\/wp\/v2\/media\/108450"}],"wp:attachment":[{"href":"https:\/\/iparaiba.com.br\/index.php\/wp-json\/wp\/v2\/media?parent=121855"}],"wp:term":[{"taxonomy":"category","embeddable":true,"href":"https:\/\/iparaiba.com.br\/index.php\/wp-json\/wp\/v2\/categories?post=121855"},{"taxonomy":"post_tag","embeddable":true,"href":"https:\/\/iparaiba.com.br\/index.php\/wp-json\/wp\/v2\/tags?post=121855"}],"curies":[{"name":"wp","href":"https:\/\/api.w.org\/{rel}","templated":true}]}}