{"id":121852,"date":"2024-04-23T06:04:56","date_gmt":"2024-04-23T09:04:56","guid":{"rendered":"https:\/\/onordeste.com.br\/?p=121836"},"modified":"2024-04-23T06:04:56","modified_gmt":"2024-04-23T09:04:56","slug":"procon-realiza-acao-educativa-em-shoppings-centers","status":"publish","type":"post","link":"https:\/\/iparaiba.com.br\/index.php\/2024\/04\/23\/procon-realiza-acao-educativa-em-shoppings-centers\/","title":{"rendered":"Procon realiza a\u00e7\u00e3o educativa em shoppings centers"},"content":{"rendered":"<p>O Procon de Campina Grande encerra nesta segunda-feira, 22, uma a\u00e7\u00e3o educativa para consumidores e fornecedores nos principais shoppings centers do Munic\u00edpio com o objetivo de fortalecer as boas rela\u00e7\u00f5es consumeristas. O trabalho teve in\u00edcio na \u00faltima segunda, 15, com a visita aos estabelecimentos e a distribui\u00e7\u00e3o de aproximadamente 1,5 mil edi\u00e7\u00f5es atualizadas do C\u00f3digo de Defesa do Consumidor (CDC).<\/p>\n<p>O coordenador do Procon Municipal, Waldeny Santana, informou que nesta segunda-feira, 22, os fiscais do Procon estar\u00e3o realizando das 8h \u00e0s 17h uma a\u00e7\u00e3o educativa no Shopping Centro Edson Diniz. \u201cNa ocasi\u00e3o os fiscais do Procon-CG conversam com consumidores e fornecedores. Eles explicam a import\u00e2ncia de seguir a Legisla\u00e7\u00e3o e tiram as d\u00favidas da popula\u00e7\u00e3o\u201d, disse o coordenador.<\/p>\n<p>Na semana passada, os fiscais do \u00f3rg\u00e3o visitaram os Shopping Cirne Center, Shopping Luiza Motta e o Partage Shopping, realizando a distribui\u00e7\u00e3o da edi\u00e7\u00e3o atualizada do C\u00f3digo de Defesa do Consumidor (CDC) que apresenta a Lei 14.181\/2021. Trata-se da Lei do Superendividamento para lojistas e consumidores.<\/p>\n<p>Al\u00e9m de ter acesso \u00e0s essas a\u00e7\u00f5es educativas pelas ruas da cidade, o consumidor campinense tamb\u00e9m pode tirar d\u00favidas e registrar reclama\u00e7\u00f5es no Procon-CG por meio dos canais de comunica\u00e7\u00e3o do \u00f3rg\u00e3o: telefones 151 (Disque Procon), (83) 98185 8168 (WhatsApp), (83) 98186 3609 ou presencialmente, de segunda \u00e0 sexta-feira, das 8h \u00e0s 17h, na sede do \u00f3rg\u00e3o, na rua Prefeito Ernani Lauritzen, no centro da cidade.<\/p>\n<p>Codecom<\/p>\n","protected":false},"excerpt":{"rendered":"<p>O Procon de Campina Grande encerra nesta segunda-feira, 22, uma a\u00e7\u00e3o educativa para consumidores e fornecedores nos principais shoppings centers do Munic\u00edpio com o objetivo de fortalecer as boas rela\u00e7\u00f5es consumeristas. O trabalho teve in\u00edcio na \u00faltima segunda, 15, com a visita aos estabelecimentos e a distribui\u00e7\u00e3o de aproximadamente 1,5 mil edi\u00e7\u00f5es atualizadas do C\u00f3digo &hellip;<\/p>\n","protected":false},"author":1,"featured_media":115390,"comment_status":"open","ping_status":"open","sticky":false,"template":"","format":"standard","meta":{"footnotes":""},"categories":[15],"tags":[],"class_list":["post-121852","post","type-post","status-publish","format-standard","has-post-thumbnail","hentry","category-links"],"_links":{"self":[{"href":"https:\/\/iparaiba.com.br\/index.php\/wp-json\/wp\/v2\/posts\/121852","targetHints":{"allow":["GET"]}}],"collection":[{"href":"https:\/\/iparaiba.com.br\/index.php\/wp-json\/wp\/v2\/posts"}],"about":[{"href":"https:\/\/iparaiba.com.br\/index.php\/wp-json\/wp\/v2\/types\/post"}],"author":[{"embeddable":true,"href":"https:\/\/iparaiba.com.br\/index.php\/wp-json\/wp\/v2\/users\/1"}],"replies":[{"embeddable":true,"href":"https:\/\/iparaiba.com.br\/index.php\/wp-json\/wp\/v2\/comments?post=121852"}],"version-history":[{"count":1,"href":"https:\/\/iparaiba.com.br\/index.php\/wp-json\/wp\/v2\/posts\/121852\/revisions"}],"predecessor-version":[{"id":121871,"href":"https:\/\/iparaiba.com.br\/index.php\/wp-json\/wp\/v2\/posts\/121852\/revisions\/121871"}],"wp:featuredmedia":[{"embeddable":true,"href":"https:\/\/iparaiba.com.br\/index.php\/wp-json\/wp\/v2\/media\/115390"}],"wp:attachment":[{"href":"https:\/\/iparaiba.com.br\/index.php\/wp-json\/wp\/v2\/media?parent=121852"}],"wp:term":[{"taxonomy":"category","embeddable":true,"href":"https:\/\/iparaiba.com.br\/index.php\/wp-json\/wp\/v2\/categories?post=121852"},{"taxonomy":"post_tag","embeddable":true,"href":"https:\/\/iparaiba.com.br\/index.php\/wp-json\/wp\/v2\/tags?post=121852"}],"curies":[{"name":"wp","href":"https:\/\/api.w.org\/{rel}","templated":true}]}}