{"id":121827,"date":"2024-04-18T16:21:24","date_gmt":"2024-04-18T19:21:24","guid":{"rendered":"https:\/\/onordeste.com.br\/?p=121777"},"modified":"2024-04-18T16:21:24","modified_gmt":"2024-04-18T19:21:24","slug":"ibp-ama-amigos-do-autista-amplia-possibilidades-de-atendimento-para-pessoas-com-autismo","status":"publish","type":"post","link":"https:\/\/iparaiba.com.br\/index.php\/2024\/04\/18\/ibp-ama-amigos-do-autista-amplia-possibilidades-de-atendimento-para-pessoas-com-autismo\/","title":{"rendered":"IBP-AMA Amigos do Autista amplia possibilidades de atendimento para pessoas com autismo"},"content":{"rendered":"<p style=\"font-weight: 400;\">O Instituto Brenda Pinheiro \u2013 IBP, atrav\u00e9s do projeto AMA \u2013 Amigos do Autista de Campina Grande, est\u00e1 aumentando as suas possibilidades de atendimento \u00e0 popula\u00e7\u00e3o de Campina Grande e cidades da regi\u00e3o. Al\u00e9m de ampliar sua estrutura f\u00edsica, o IBP-AMA tamb\u00e9m tem procurado parcerias que possibilitem o acesso de mais crian\u00e7as, adolescentes, jovens e adultos com Transtorno do Espectro Autista \u2013 TEA \u00e0s terapias proporcionadas pela institui\u00e7\u00e3o.<\/p>\n<p style=\"font-weight: 400;\">Esta semana o IBP-AMA recebeu em sua sede, na Rua Jos\u00e9 do \u00d3, n\u00ba 169, no bairro do Alto Branco, em Campina Grande, representantes do Plano de Sa\u00fade Unimed Fortaleza para um treinamento\/capacita\u00e7\u00e3o para uso das tecnologias de acesso aos benefici\u00e1rios. A a\u00e7\u00e3o reafirmou a parceria do IBP-AMA com a Unimed Fortaleza, proporcionando aos usu\u00e1rios deste plano, com abrang\u00eancia nacional, o acesso \u00e0s terapias na institui\u00e7\u00e3o que \u00e9 pioneira no tratamento de pessoas com autismo em Campina Grande e regi\u00e3o.<\/p>\n<p style=\"font-weight: 400;\">Participaram do treinamento\/capacita\u00e7\u00e3o a Executiva da Gest\u00e3o da Rede Credenciada da Unimed Fortaleza, Fl\u00e1via Cavalcante; e o Analista de Biometria, Aric\u00e9lio Moura. Eles foram recebidos no IBP-AMA pela presidente V\u00e2nia Pinheiro, pela Diretora Administrativa, Adriana Macedo; pela Diretora Cl\u00ednica, Milene Costa, al\u00e9m de colaboradores do instituto que atuam na gest\u00e3o dos planos de sa\u00fade.<\/p>\n<p style=\"font-weight: 400;\">Antes do treinamento\/capacita\u00e7\u00e3o, os representantes da Unimed Fortaleza conheceram as instala\u00e7\u00f5es e o funcionamento do IBP-AMA, visitando as salas de atendimento, os espa\u00e7os terap\u00eauticos e mantendo contato com os profissionais. Eles ficaram bem impressionados com o trabalho desenvolvido pela institui\u00e7\u00e3o e foram apresentados, tamb\u00e9m, ao Projeto Social, que al\u00e9m do atendimento terap\u00eautico a fam\u00edlias carentes tamb\u00e9m proporciona capacita\u00e7\u00e3o de escolas e institui\u00e7\u00f5es sobre autismo.<\/p>\n<p style=\"font-weight: 400;\">\u201cFoi um dia muito produtivo, em que pudemos confirmar nossa parceria com o plano de sa\u00fade Unimed Fortaleza e, assim, ampliar nossas possibilidades de atendimento. E a nossa inten\u00e7\u00e3o \u00e9 aumentar ainda mais estas possibilidades, em todas as nossas modalidades de atendimento, que s\u00e3o a privada, a parceria com os planos de sa\u00fade e o nosso projeto social\u201d, declarou a presidente V\u00e2nia Pinheiro.<\/p>\n<p style=\"font-weight: 400;\"><strong>O IBP-AMA &#8211;\u00a0<\/strong>Quem quiser conhecer melhor o trabalho realizado pelo IBP \u2013 AMA poder\u00e1 agendar uma visita. A entidade fica na Rua Jos\u00e9 do \u00d3, 169, no bairro do Alto Branco, em Campina Grande. O telefone para contato, informa\u00e7\u00f5es e agendamento \u00e9 o (83) 3066-3001. Visite o Instagram do IBP-AMA (@institutobp).<\/p>\n<p style=\"font-weight: 400;\">O IBP-AMA atende a clientes privados e atrav\u00e9s de conv\u00eanios com os planos Unimed, Bradesco, SulAm\u00e9rica e Fusex, al\u00e9m de contar com o seu projeto social. O IBP-AMA tamb\u00e9m est\u00e1 mantendo contatos com ouros planos e sa\u00fade para ampliar ainda mais as possibilidades de atendimento.<\/p>\n","protected":false},"excerpt":{"rendered":"<p>O Instituto Brenda Pinheiro \u2013 IBP, atrav\u00e9s do projeto AMA \u2013 Amigos do Autista de Campina Grande, est\u00e1 aumentando as suas possibilidades de atendimento \u00e0 popula\u00e7\u00e3o de Campina Grande e cidades da regi\u00e3o. Al\u00e9m de ampliar sua estrutura f\u00edsica, o IBP-AMA tamb\u00e9m tem procurado parcerias que possibilitem o acesso de mais crian\u00e7as, adolescentes, jovens e &hellip;<\/p>\n","protected":false},"author":1,"featured_media":97504,"comment_status":"open","ping_status":"open","sticky":false,"template":"","format":"standard","meta":{"footnotes":""},"categories":[15],"tags":[],"class_list":["post-121827","post","type-post","status-publish","format-standard","has-post-thumbnail","hentry","category-links"],"_links":{"self":[{"href":"https:\/\/iparaiba.com.br\/index.php\/wp-json\/wp\/v2\/posts\/121827","targetHints":{"allow":["GET"]}}],"collection":[{"href":"https:\/\/iparaiba.com.br\/index.php\/wp-json\/wp\/v2\/posts"}],"about":[{"href":"https:\/\/iparaiba.com.br\/index.php\/wp-json\/wp\/v2\/types\/post"}],"author":[{"embeddable":true,"href":"https:\/\/iparaiba.com.br\/index.php\/wp-json\/wp\/v2\/users\/1"}],"replies":[{"embeddable":true,"href":"https:\/\/iparaiba.com.br\/index.php\/wp-json\/wp\/v2\/comments?post=121827"}],"version-history":[{"count":0,"href":"https:\/\/iparaiba.com.br\/index.php\/wp-json\/wp\/v2\/posts\/121827\/revisions"}],"wp:featuredmedia":[{"embeddable":true,"href":"https:\/\/iparaiba.com.br\/index.php\/wp-json\/wp\/v2\/media\/97504"}],"wp:attachment":[{"href":"https:\/\/iparaiba.com.br\/index.php\/wp-json\/wp\/v2\/media?parent=121827"}],"wp:term":[{"taxonomy":"category","embeddable":true,"href":"https:\/\/iparaiba.com.br\/index.php\/wp-json\/wp\/v2\/categories?post=121827"},{"taxonomy":"post_tag","embeddable":true,"href":"https:\/\/iparaiba.com.br\/index.php\/wp-json\/wp\/v2\/tags?post=121827"}],"curies":[{"name":"wp","href":"https:\/\/api.w.org\/{rel}","templated":true}]}}