{"id":121825,"date":"2024-04-18T16:18:45","date_gmt":"2024-04-18T19:18:45","guid":{"rendered":"https:\/\/onordeste.com.br\/?p=121773"},"modified":"2024-04-18T16:18:45","modified_gmt":"2024-04-18T19:18:45","slug":"camaras-e-turmas-do-conselho-federal-julgam-65-processos","status":"publish","type":"post","link":"https:\/\/iparaiba.com.br\/index.php\/2024\/04\/18\/camaras-e-turmas-do-conselho-federal-julgam-65-processos\/","title":{"rendered":"C\u00e2maras e Turmas do Conselho Federal julgam 65 processos"},"content":{"rendered":"<p>Em sess\u00f5es presenciais realizadas nessa ter\u00e7a-feira (16\/4), as C\u00e2maras e Turmas do Conselho Federal da OAB julgaram um total de 65 processos. Os colegiados da entidade s\u00e3o respons\u00e1veis por deliberar sobre quest\u00f5es \u00e9ticas, deveres profissionais dos advogados, infra\u00e7\u00f5es e san\u00e7\u00f5es disciplinares, entre outros assuntos.<\/p>\n<p>A Primeira C\u00e2mara, liderada pelo conselheiro decano Carlos Jos\u00e9 Santos da Silva (SP), enfrentou oito processos, incluindo um com pedido de vista e outro decidido por despacho. Os casos abordaram temas como incompatibilidades ou impedimentos para o exerc\u00edcio da advocacia por cargos diversos, pedidos de desagravo e incidentes de inidoneidade moral. Destaque, tamb\u00e9m, para as sete sustenta\u00e7\u00f5es orais realizadas, com seis delas ocorrendo de forma virtual e uma presencial.<\/p>\n<p>A Segunda C\u00e2mara, presidida pela secret\u00e1ria geral-adjunta e corregedora nacional da OAB, Milena Gama, debru\u00e7ou-se sobre 13 processos, dos quais 11 foram julgados, com um adiamento e um pedido de vista.<\/p>\n<p>Sob a lideran\u00e7a da conselheira federal Marina Motta Benevides Gadelha, a Primeira Turma contou com 23 processos em pauta. Desses, 16 foram julgados e sete adiados para as pr\u00f3ximas delibera\u00e7\u00f5es.<\/p>\n<p>J\u00e1 a Segunda Turma, comandada pelo conselheiro federal Emerson Luis Delgado Gomes, teve uma agenda de 18 processos, resultando em 13 julgamentos e 5 adiamentos.<\/p>\n<p>Por fim, a Terceira Turma, tamb\u00e9m presidida por Milena Gama, contava com 18 processos em pauta; 17 foram julgados e um pedido de vista foi concedido.<\/p>\n<p>Al\u00e9m das turmas, a Terceira C\u00e2mara, comandada pelo diretor-tesoureiro da OAB Nacional, Leonardo Campos, analisou dois recursos e presta\u00e7\u00f5es de contas, encerrando, assim, as atividades do dia.<\/p>\n","protected":false},"excerpt":{"rendered":"<p>Em sess\u00f5es presenciais realizadas nessa ter\u00e7a-feira (16\/4), as C\u00e2maras e Turmas do Conselho Federal da OAB julgaram um total de 65 processos. Os colegiados da entidade s\u00e3o respons\u00e1veis por deliberar sobre quest\u00f5es \u00e9ticas, deveres profissionais dos advogados, infra\u00e7\u00f5es e san\u00e7\u00f5es disciplinares, entre outros assuntos. A Primeira C\u00e2mara, liderada pelo conselheiro decano Carlos Jos\u00e9 Santos da &hellip;<\/p>\n","protected":false},"author":1,"featured_media":107582,"comment_status":"open","ping_status":"open","sticky":false,"template":"","format":"standard","meta":{"footnotes":""},"categories":[9],"tags":[],"class_list":["post-121825","post","type-post","status-publish","format-standard","has-post-thumbnail","hentry","category-justica"],"_links":{"self":[{"href":"https:\/\/iparaiba.com.br\/index.php\/wp-json\/wp\/v2\/posts\/121825","targetHints":{"allow":["GET"]}}],"collection":[{"href":"https:\/\/iparaiba.com.br\/index.php\/wp-json\/wp\/v2\/posts"}],"about":[{"href":"https:\/\/iparaiba.com.br\/index.php\/wp-json\/wp\/v2\/types\/post"}],"author":[{"embeddable":true,"href":"https:\/\/iparaiba.com.br\/index.php\/wp-json\/wp\/v2\/users\/1"}],"replies":[{"embeddable":true,"href":"https:\/\/iparaiba.com.br\/index.php\/wp-json\/wp\/v2\/comments?post=121825"}],"version-history":[{"count":0,"href":"https:\/\/iparaiba.com.br\/index.php\/wp-json\/wp\/v2\/posts\/121825\/revisions"}],"wp:featuredmedia":[{"embeddable":true,"href":"https:\/\/iparaiba.com.br\/index.php\/wp-json\/wp\/v2\/media\/107582"}],"wp:attachment":[{"href":"https:\/\/iparaiba.com.br\/index.php\/wp-json\/wp\/v2\/media?parent=121825"}],"wp:term":[{"taxonomy":"category","embeddable":true,"href":"https:\/\/iparaiba.com.br\/index.php\/wp-json\/wp\/v2\/categories?post=121825"},{"taxonomy":"post_tag","embeddable":true,"href":"https:\/\/iparaiba.com.br\/index.php\/wp-json\/wp\/v2\/tags?post=121825"}],"curies":[{"name":"wp","href":"https:\/\/api.w.org\/{rel}","templated":true}]}}