{"id":121823,"date":"2024-04-18T16:16:09","date_gmt":"2024-04-18T19:16:09","guid":{"rendered":"https:\/\/onordeste.com.br\/?p=121769"},"modified":"2024-04-18T16:16:09","modified_gmt":"2024-04-18T19:16:09","slug":"sessao-discute-politicas-publicas-para-o-diagnostico-e-tratamento-precoce-de-pessoas-com-autismo","status":"publish","type":"post","link":"https:\/\/iparaiba.com.br\/index.php\/2024\/04\/18\/sessao-discute-politicas-publicas-para-o-diagnostico-e-tratamento-precoce-de-pessoas-com-autismo\/","title":{"rendered":"Sess\u00e3o discute pol\u00edticas p\u00fablicas para o diagn\u00f3stico e tratamento precoce de pessoas com autismo"},"content":{"rendered":"<p style=\"font-weight: 400;\">Com o objetivo de debater pol\u00edticas p\u00fablicas de educa\u00e7\u00e3o, sa\u00fade e assist\u00eancia, implantadas para o tratamento e diagn\u00f3stico precoce de pessoas com autismo, a C\u00e2mara Municipal de Jo\u00e3o Pessoa (CMJP) realizou, na tarde desta quarta-feira (17), sess\u00e3o especial que reuniu representantes de entidades p\u00fablicas e privadas que atuam com pessoas autistas, al\u00e9m de pais de crian\u00e7as com Transtorno do Espectro Autista (TEA).<\/p>\n<p style=\"font-weight: 400;\">O vereador Durval Ferreira (PL) foi o autor da propositura e falou sobre a motiva\u00e7\u00e3o para a realiza\u00e7\u00e3o da sess\u00e3o. \u201cBuscamos, atrav\u00e9s dessa solenidade, trazer para a CMJP o debate sobre o autismo, uma vez que sabemos que as crian\u00e7as que nascem com autismo precisam de um olhar especial, com pol\u00edticas p\u00fablicas que atendam suas necessidades, al\u00e9m de compartilhar informa\u00e7\u00f5es para que as pessoas saibam identificar o que \u00e9 o TEA. Essas crian\u00e7as precisam de um apoio maior, de uma aten\u00e7\u00e3o diferenciada, e por isso precisamos buscar uma maior qualidade de vida e servi\u00e7os voltados especificamente para elas\u201d, afirmou.<\/p>\n<p style=\"font-weight: 400;\">A diretora cl\u00ednica da \u201cRede Reviver\u201d, Rebeka Ferreira, disse que a inclus\u00e3o \u00e9 o principal obst\u00e1culo enfrentado pelas pessoas com autismo. \u201cCrian\u00e7as e o adultos autistas precisam de espa\u00e7os adaptados para que possam transitar e circular. Geralmente as crian\u00e7as autistas possuem quest\u00f5es sensoriais com o som, barulho, e elas precisam de adapta\u00e7\u00f5es com rela\u00e7\u00e3o a isso, como tamb\u00e9m um tratamento adequado, que \u00e9 um dos principais problemas enfrentados pelas m\u00e3es de crian\u00e7as autistas, principalmente dentro da rede p\u00fablica. Precisamos chamar a popula\u00e7\u00e3o para discutir pol\u00edticas p\u00fablicas voltadas aos autistas, e discutir isso com o setor p\u00fablico \u00e9 de extrema relev\u00e2ncia, visto que o autismo hoje \u00e9 uma realidade\u201d, acrescentou.<\/p>\n<p style=\"font-weight: 400;\">\u201cDescobrimos o diagn\u00f3stico do nosso filho Lincoln quando ele tinha cinco anos de idade e foi um choque, parece que o mundo vai desabar. Eu senti medo e inseguran\u00e7a, mas percebi que nesse momento eu precisava ser forte. Ent\u00e3o, busquei informa\u00e7\u00e3o sobre o tema, conversar com outras m\u00e3es que j\u00e1 tinham passado o que eu estava passando e entender o processo burocr\u00e1tico para que ele iniciasse o quanto antes o tratamento multidisciplinar. Acredito que hoje os principais desafios s\u00e3o o preconceito e a falta de informa\u00e7\u00e3o, pois muitas pessoas ainda n\u00e3o conhecem o autismo na sua totalidade\u201d, destacou Celane Medeiros, m\u00e3e de uma crian\u00e7a autista de nove anos.<\/p>\n<p style=\"font-weight: 400;\">Saionara Ara\u00fajo, diretora do Centro de Refer\u00eancia em Doen\u00e7as Raras de Jo\u00e3o Pessoa, salientou que o maior problema enfrentado hoje \u00e9 a falta de informa\u00e7\u00e3o. \u201cDiscutir esse assunto na CMJP \u00e9 \u00edmpar, para a sociedade civil como um todo e para os profissionais que trabalham nas \u00e1reas de sa\u00fade, assist\u00eancia e educa\u00e7\u00e3o terem mais informa\u00e7\u00f5es, especialmente para fazer o encaminhamento buscando um atendimento de qualidade e integrado\u201d, pontuou.<\/p>\n<p style=\"font-weight: 400;\">\u00c9rica Oliveira, psic\u00f3loga da \u201cRede Reviver\u201d, comentou que hoje existe um grande desafio quando se fala na perspectiva do mercado de trabalho para pessoas com autismo. \u201cEu atendo a interven\u00e7\u00e3o precoce e adolescente tamb\u00e9m, e esses meninos ir\u00e3o crescer. Mas, hoje, n\u00e3o se pensa nas pessoas com autismo na vida adulta, e o desafio t\u00eam dois eixos no contexto da rede particular, que s\u00e3o a educa\u00e7\u00e3o inclusiva e o mercado de trabalho\u201d, concluiu.<\/p>\n<p>CMJP<\/p>\n","protected":false},"excerpt":{"rendered":"<p>Com o objetivo de debater pol\u00edticas p\u00fablicas de educa\u00e7\u00e3o, sa\u00fade e assist\u00eancia, implantadas para o tratamento e diagn\u00f3stico precoce de pessoas com autismo, a C\u00e2mara Municipal de Jo\u00e3o Pessoa (CMJP) realizou, na tarde desta quarta-feira (17), sess\u00e3o especial que reuniu representantes de entidades p\u00fablicas e privadas que atuam com pessoas autistas, al\u00e9m de pais de &hellip;<\/p>\n","protected":false},"author":1,"featured_media":99615,"comment_status":"open","ping_status":"open","sticky":false,"template":"","format":"standard","meta":{"footnotes":""},"categories":[8],"tags":[],"class_list":["post-121823","post","type-post","status-publish","format-standard","has-post-thumbnail","hentry","category-politica"],"_links":{"self":[{"href":"https:\/\/iparaiba.com.br\/index.php\/wp-json\/wp\/v2\/posts\/121823","targetHints":{"allow":["GET"]}}],"collection":[{"href":"https:\/\/iparaiba.com.br\/index.php\/wp-json\/wp\/v2\/posts"}],"about":[{"href":"https:\/\/iparaiba.com.br\/index.php\/wp-json\/wp\/v2\/types\/post"}],"author":[{"embeddable":true,"href":"https:\/\/iparaiba.com.br\/index.php\/wp-json\/wp\/v2\/users\/1"}],"replies":[{"embeddable":true,"href":"https:\/\/iparaiba.com.br\/index.php\/wp-json\/wp\/v2\/comments?post=121823"}],"version-history":[{"count":0,"href":"https:\/\/iparaiba.com.br\/index.php\/wp-json\/wp\/v2\/posts\/121823\/revisions"}],"wp:featuredmedia":[{"embeddable":true,"href":"https:\/\/iparaiba.com.br\/index.php\/wp-json\/wp\/v2\/media\/99615"}],"wp:attachment":[{"href":"https:\/\/iparaiba.com.br\/index.php\/wp-json\/wp\/v2\/media?parent=121823"}],"wp:term":[{"taxonomy":"category","embeddable":true,"href":"https:\/\/iparaiba.com.br\/index.php\/wp-json\/wp\/v2\/categories?post=121823"},{"taxonomy":"post_tag","embeddable":true,"href":"https:\/\/iparaiba.com.br\/index.php\/wp-json\/wp\/v2\/tags?post=121823"}],"curies":[{"name":"wp","href":"https:\/\/api.w.org\/{rel}","templated":true}]}}