{"id":121807,"date":"2024-04-20T18:49:35","date_gmt":"2024-04-20T21:49:35","guid":{"rendered":"https:\/\/onordeste.com.br\/?p=121807"},"modified":"2024-04-20T18:49:35","modified_gmt":"2024-04-20T21:49:35","slug":"operacao-integrada-combate-transporte-turistico-irregular-2","status":"publish","type":"post","link":"https:\/\/iparaiba.com.br\/index.php\/2024\/04\/20\/operacao-integrada-combate-transporte-turistico-irregular-2\/","title":{"rendered":"Opera\u00e7\u00e3o integrada combate transporte tur\u00edstico irregular"},"content":{"rendered":"<p>Com o objetivo de garantir a seguran\u00e7a dos turistas que chegam ao estado e combater o transporte de ve\u00edculos tur\u00edsticos irregulares, que n\u00e3o est\u00e3o registrados no Cadastro dos Prestadores de Servi\u00e7os Tur\u00edsticos (Cadastur), do Minist\u00e9rio do Turismo, a Empresa Paraibana de Turismo (PBTur) intensifica as fiscaliza\u00e7\u00f5es em toda Para\u00edba. Nesse fim de semana, as a\u00e7\u00f5es foram realizadas nos munic\u00edpios de Conde e Lucena, onde 42 ve\u00edculos foram fiscalizados, incluindo \u00f4nibus, vans, micro-\u00f4nibus, carros particulares e t\u00e1xis.<\/p>\n<p>Durante a blitz, foram identificadas algumas irregularidades como guia de Turismo como condutor: alguns ve\u00edculos desse tipo n\u00e3o possu\u00edam cadastro no MTur. Buggy com placa particular: os agentes da Semob\/Conde orientaram os motoristas a alterarem a categoria para Aluguel, conforme determina o C\u00f3digo\u00a0 de Tr\u00e2nsito\u00a0Brasileiro\u00a0\u00a0(CTB). Al\u00e9m de guia sem crach\u00e1 vis\u00edvel e t\u00e1xi realizando transporte de turismo sem permiss\u00e3o.<\/p>\n<p>A coordenadora regional de Servi\u00e7os Tur\u00edsticos da PBTur, Maria Jos\u00e9 Belizario, ressaltou que as fiscaliza\u00e7\u00f5es ser\u00e3o intensificadas durante todo ano, orientando os profissionais do setor sobre a import\u00e2ncia de atuar conforme a determina\u00e7\u00e3o do Cadastur e do CTB.<\/p>\n<p>As fiscaliza\u00e7\u00f5es s\u00e3o realizadas de forma integrada, contando com a parceria da Secretaria Estadual de Turismo e Desenvolvimento Econ\u00f4mico (Setde), o apoio das Superintend\u00eancias Executivas de Mobilidade Urbana (Semob), Batalh\u00e3o de Policiamento de Tr\u00e2nsito (BPTran), das Guardas Civil Metropolitana e das Secretarias Municipais de turismo.<\/p>\n<p>O presidente da PBTur, Ferdinando Lucena, destacou a import\u00e2ncia de garantir a seguran\u00e7a dos turistas e refor\u00e7ar o turismo legal em todo o estado. A secret\u00e1ria Estadual de Turismo, Ros\u00e1lia Lucas, enfatizou que as fiscaliza\u00e7\u00f5es garantem um ambiente de neg\u00f3cios justo para os envolvidos.<\/p>\n","protected":false},"excerpt":{"rendered":"<p>Com o objetivo de garantir a seguran\u00e7a dos turistas que chegam ao estado e combater o transporte de ve\u00edculos tur\u00edsticos irregulares, que n\u00e3o est\u00e3o registrados no Cadastro dos Prestadores de Servi\u00e7os Tur\u00edsticos (Cadastur), do Minist\u00e9rio do Turismo, a Empresa Paraibana de Turismo (PBTur) intensifica as fiscaliza\u00e7\u00f5es em toda Para\u00edba. Nesse fim de semana, as a\u00e7\u00f5es &hellip;<\/p>\n","protected":false},"author":1,"featured_media":107957,"comment_status":"open","ping_status":"open","sticky":false,"template":"","format":"standard","meta":{"footnotes":""},"categories":[6],"tags":[],"class_list":["post-121807","post","type-post","status-publish","format-standard","has-post-thumbnail","hentry","category-destaques"],"_links":{"self":[{"href":"https:\/\/iparaiba.com.br\/index.php\/wp-json\/wp\/v2\/posts\/121807","targetHints":{"allow":["GET"]}}],"collection":[{"href":"https:\/\/iparaiba.com.br\/index.php\/wp-json\/wp\/v2\/posts"}],"about":[{"href":"https:\/\/iparaiba.com.br\/index.php\/wp-json\/wp\/v2\/types\/post"}],"author":[{"embeddable":true,"href":"https:\/\/iparaiba.com.br\/index.php\/wp-json\/wp\/v2\/users\/1"}],"replies":[{"embeddable":true,"href":"https:\/\/iparaiba.com.br\/index.php\/wp-json\/wp\/v2\/comments?post=121807"}],"version-history":[{"count":1,"href":"https:\/\/iparaiba.com.br\/index.php\/wp-json\/wp\/v2\/posts\/121807\/revisions"}],"predecessor-version":[{"id":121842,"href":"https:\/\/iparaiba.com.br\/index.php\/wp-json\/wp\/v2\/posts\/121807\/revisions\/121842"}],"wp:featuredmedia":[{"embeddable":true,"href":"https:\/\/iparaiba.com.br\/index.php\/wp-json\/wp\/v2\/media\/107957"}],"wp:attachment":[{"href":"https:\/\/iparaiba.com.br\/index.php\/wp-json\/wp\/v2\/media?parent=121807"}],"wp:term":[{"taxonomy":"category","embeddable":true,"href":"https:\/\/iparaiba.com.br\/index.php\/wp-json\/wp\/v2\/categories?post=121807"},{"taxonomy":"post_tag","embeddable":true,"href":"https:\/\/iparaiba.com.br\/index.php\/wp-json\/wp\/v2\/tags?post=121807"}],"curies":[{"name":"wp","href":"https:\/\/api.w.org\/{rel}","templated":true}]}}