{"id":121803,"date":"2024-04-20T14:00:50","date_gmt":"2024-04-20T17:00:50","guid":{"rendered":"https:\/\/onordeste.com.br\/?p=121803"},"modified":"2024-04-20T14:00:50","modified_gmt":"2024-04-20T17:00:50","slug":"detran-reprova-48-veiculos-escolares-durante-vistoria","status":"publish","type":"post","link":"https:\/\/iparaiba.com.br\/index.php\/2024\/04\/20\/detran-reprova-48-veiculos-escolares-durante-vistoria\/","title":{"rendered":"Detran reprova 48 ve\u00edculos escolares durante vistoria"},"content":{"rendered":"<p class=\"xmsonormal\">O Departamento Estadual de Tr\u00e2nsito (Detran-PB) e o Minist\u00e9rio P\u00fablico da Para\u00edba (MPPB) deram continuidade \u00e0s vistorias do primeiro semestre de 2024, para fiscalizar os transportes escolares dos munic\u00edpios do estado. No \u00faltimo fim de semana, de um total de 132 ve\u00edculos fiscalizados, 48 foram reprovados e 84 foram aprovados, o que corresponde a aproximadamente 63%.<\/p>\n<p class=\"xmsonormal\">\u00a0As vistorias s\u00e3o realizadas desde 2013, reunindo \u00f4nibus, vans e autom\u00f3veis. No s\u00e1bado passado (13), a fiscaliza\u00e7\u00e3o ocorreu simultaneamente nas Ciretrans de Concei\u00e7\u00e3o e Teixeira, envolvendo os transportes escolares de 14 munic\u00edpios. Nesse domingo (14), a vistoria foi realizada em Jo\u00e3o Pessoa e Santa Rita, englobando os ve\u00edculos de seis cidades.<\/p>\n<p class=\"xmsonormal\">\u00a0Segundo o coordenador de Fiscaliza\u00e7\u00e3o do Transporte Escolar do Detran-PB, Dilo Alves, os ve\u00edculos reprovados podem fazer as devidas corre\u00e7\u00f5es e solicitar uma inspe\u00e7\u00e3o extra, fora do calend\u00e1rio pr\u00e9-programado. \u201cOs itens que mais reprovaram no quesito ve\u00edculos foram: pneus sem condi\u00e7\u00f5es de tr\u00e1fego, extintores vencidos e assentos danificados. J\u00e1 no tocante aos motoristas, a maioria trafega sem comprova\u00e7\u00e3o do curso espec\u00edfico de condutor de transporte escolar\u201d, esclareceu Dilo.<\/p>\n<p>Duas equipes de vistoriadores do Detran-PB, participaram da fiscaliza\u00e7\u00e3o. Compostas pela autarquia de tr\u00e2nsito, em parceria com o MPPB e demais \u00f3rg\u00e3os envolvidos, elas atuar\u00e3o nos finais de semana at\u00e9 junho deste ano. Em maio, ser\u00e1 divulgado o calend\u00e1rio para o segundo semestre.<\/p>\n<p>A fiscaliza\u00e7\u00e3o \u00e9 feita pelo Detran, com o apoio do MPPB, Batalh\u00e3o de Policiamento de Tr\u00e2nsito (BPTran), Pol\u00edcia Rodovi\u00e1ria Federal (PRF) e Instituto de Metrologia e Qualidade (Imeq). Dando continuidade ao calend\u00e1rio, as pr\u00f3ximas inspe\u00e7\u00f5es ser\u00e3o realizadas nos dias 27 e 28 deste m\u00eas, nos munic\u00edpios de Cuit\u00e9, Mamanguape e Sap\u00e9.<\/p>\n","protected":false},"excerpt":{"rendered":"<p>O Departamento Estadual de Tr\u00e2nsito (Detran-PB) e o Minist\u00e9rio P\u00fablico da Para\u00edba (MPPB) deram continuidade \u00e0s vistorias do primeiro semestre de 2024, para fiscalizar os transportes escolares dos munic\u00edpios do estado. No \u00faltimo fim de semana, de um total de 132 ve\u00edculos fiscalizados, 48 foram reprovados e 84 foram aprovados, o que corresponde a aproximadamente &hellip;<\/p>\n","protected":false},"author":1,"featured_media":104277,"comment_status":"open","ping_status":"open","sticky":false,"template":"","format":"standard","meta":{"footnotes":""},"categories":[11],"tags":[],"class_list":["post-121803","post","type-post","status-publish","format-standard","has-post-thumbnail","hentry","category-educacao"],"_links":{"self":[{"href":"https:\/\/iparaiba.com.br\/index.php\/wp-json\/wp\/v2\/posts\/121803","targetHints":{"allow":["GET"]}}],"collection":[{"href":"https:\/\/iparaiba.com.br\/index.php\/wp-json\/wp\/v2\/posts"}],"about":[{"href":"https:\/\/iparaiba.com.br\/index.php\/wp-json\/wp\/v2\/types\/post"}],"author":[{"embeddable":true,"href":"https:\/\/iparaiba.com.br\/index.php\/wp-json\/wp\/v2\/users\/1"}],"replies":[{"embeddable":true,"href":"https:\/\/iparaiba.com.br\/index.php\/wp-json\/wp\/v2\/comments?post=121803"}],"version-history":[{"count":1,"href":"https:\/\/iparaiba.com.br\/index.php\/wp-json\/wp\/v2\/posts\/121803\/revisions"}],"predecessor-version":[{"id":121840,"href":"https:\/\/iparaiba.com.br\/index.php\/wp-json\/wp\/v2\/posts\/121803\/revisions\/121840"}],"wp:featuredmedia":[{"embeddable":true,"href":"https:\/\/iparaiba.com.br\/index.php\/wp-json\/wp\/v2\/media\/104277"}],"wp:attachment":[{"href":"https:\/\/iparaiba.com.br\/index.php\/wp-json\/wp\/v2\/media?parent=121803"}],"wp:term":[{"taxonomy":"category","embeddable":true,"href":"https:\/\/iparaiba.com.br\/index.php\/wp-json\/wp\/v2\/categories?post=121803"},{"taxonomy":"post_tag","embeddable":true,"href":"https:\/\/iparaiba.com.br\/index.php\/wp-json\/wp\/v2\/tags?post=121803"}],"curies":[{"name":"wp","href":"https:\/\/api.w.org\/{rel}","templated":true}]}}