{"id":121797,"date":"2024-04-20T08:00:12","date_gmt":"2024-04-20T11:00:12","guid":{"rendered":"https:\/\/onordeste.com.br\/?p=121797"},"modified":"2024-04-20T08:00:12","modified_gmt":"2024-04-20T11:00:12","slug":"empreender-pb-abre-vagas-para-comerciantes-que-irao-atuar-nos-festejos-juninos","status":"publish","type":"post","link":"https:\/\/iparaiba.com.br\/index.php\/2024\/04\/20\/empreender-pb-abre-vagas-para-comerciantes-que-irao-atuar-nos-festejos-juninos\/","title":{"rendered":"Empreender PB abre vagas para comerciantes que ir\u00e3o atuar nos festejos juninos"},"content":{"rendered":"<p>O Governo do Estado, atrav\u00e9s do programa Empreender PB, disponibiliza 180 vagas para comerciantes que ir\u00e3o atuar durante os festejos juninos de Campina Grande. Os interessados devem ser vinculados \u00e0s seguintes entidades: Associa\u00e7\u00e3o dos Ambulantes e Trabalhadores em Geral da Para\u00edba &#8211; Ameg; Associa\u00e7\u00e3o dos Comerciantes do Maior S\u00e3o Joao do Mundo; Associa\u00e7\u00e3o dos Comerciantes de Barracas Fixas e Ambulantes das Festas Juninas e Culturais de Campina Grande; e Associa\u00e7\u00e3o dos Representantes dos Comerciantes de Eventos de Campina Grande &#8211; Arce. O investimento previsto passa de R$ 1, 4 milh\u00e3o.<\/p>\n<p>As inscri\u00e7\u00f5es ocorrem na pr\u00f3xima segunda e ter\u00e7a-feira (22 e 23), no Escrit\u00f3rio do Governo, em Campina Grande, das 9h ao meio dia, e das 13h30 \u00e0s 17h. Em cada data, ser\u00e3o distribu\u00eddas, por turno, 45 fichas de atendimento. Passado o per\u00edodo de inscri\u00e7\u00e3o, os comerciantes inscritos passam pelo processo de capacita\u00e7\u00e3o e elabora\u00e7\u00e3o do Plano de Neg\u00f3cios. A previs\u00e3o da assinatura dos contratos ser\u00e1 31 de maio.<\/p>\n<p>As linhas de cr\u00e9dito para essas inscri\u00e7\u00f5es, incluem Empreender Pessoa F\u00edsica e Empreender Juventudes e cada uma das associa\u00e7\u00f5es ter\u00e1 60 vagas dispon\u00edveis. Importante destacar que as datas n\u00e3o ser\u00e3o prorrogadas e n\u00e3o haver\u00e1 substitui\u00e7\u00f5es na lista de inscritos. Tamb\u00e9m \u00e9 importante aten\u00e7\u00e3o \u00e0 documenta\u00e7\u00e3o exigida, que pode ser conferida atrav\u00e9s do site do Empreender PB:\u00a0<a href=\"http:\/\/www.empreenderpb.pb.gov.br\/\">www.empreenderpb.pb.gov.br<\/a>.<\/p>\n","protected":false},"excerpt":{"rendered":"<p>O Governo do Estado, atrav\u00e9s do programa Empreender PB, disponibiliza 180 vagas para comerciantes que ir\u00e3o atuar durante os festejos juninos de Campina Grande. Os interessados devem ser vinculados \u00e0s seguintes entidades: Associa\u00e7\u00e3o dos Ambulantes e Trabalhadores em Geral da Para\u00edba &#8211; Ameg; Associa\u00e7\u00e3o dos Comerciantes do Maior S\u00e3o Joao do Mundo; Associa\u00e7\u00e3o dos Comerciantes &hellip;<\/p>\n","protected":false},"author":1,"featured_media":116648,"comment_status":"open","ping_status":"open","sticky":false,"template":"","format":"standard","meta":{"footnotes":""},"categories":[4],"tags":[],"class_list":["post-121797","post","type-post","status-publish","format-standard","has-post-thumbnail","hentry","category-cultura"],"_links":{"self":[{"href":"https:\/\/iparaiba.com.br\/index.php\/wp-json\/wp\/v2\/posts\/121797","targetHints":{"allow":["GET"]}}],"collection":[{"href":"https:\/\/iparaiba.com.br\/index.php\/wp-json\/wp\/v2\/posts"}],"about":[{"href":"https:\/\/iparaiba.com.br\/index.php\/wp-json\/wp\/v2\/types\/post"}],"author":[{"embeddable":true,"href":"https:\/\/iparaiba.com.br\/index.php\/wp-json\/wp\/v2\/users\/1"}],"replies":[{"embeddable":true,"href":"https:\/\/iparaiba.com.br\/index.php\/wp-json\/wp\/v2\/comments?post=121797"}],"version-history":[{"count":1,"href":"https:\/\/iparaiba.com.br\/index.php\/wp-json\/wp\/v2\/posts\/121797\/revisions"}],"predecessor-version":[{"id":121837,"href":"https:\/\/iparaiba.com.br\/index.php\/wp-json\/wp\/v2\/posts\/121797\/revisions\/121837"}],"wp:featuredmedia":[{"embeddable":true,"href":"https:\/\/iparaiba.com.br\/index.php\/wp-json\/wp\/v2\/media\/116648"}],"wp:attachment":[{"href":"https:\/\/iparaiba.com.br\/index.php\/wp-json\/wp\/v2\/media?parent=121797"}],"wp:term":[{"taxonomy":"category","embeddable":true,"href":"https:\/\/iparaiba.com.br\/index.php\/wp-json\/wp\/v2\/categories?post=121797"},{"taxonomy":"post_tag","embeddable":true,"href":"https:\/\/iparaiba.com.br\/index.php\/wp-json\/wp\/v2\/tags?post=121797"}],"curies":[{"name":"wp","href":"https:\/\/api.w.org\/{rel}","templated":true}]}}