{"id":121795,"date":"2024-04-20T06:00:49","date_gmt":"2024-04-20T09:00:49","guid":{"rendered":"https:\/\/onordeste.com.br\/?p=121795"},"modified":"2024-04-20T06:00:49","modified_gmt":"2024-04-20T09:00:49","slug":"mais-de-r-8-milhoes-para-pagamento-do-garantia-safra-a-agricultores-de-135-municipios","status":"publish","type":"post","link":"https:\/\/iparaiba.com.br\/index.php\/2024\/04\/20\/mais-de-r-8-milhoes-para-pagamento-do-garantia-safra-a-agricultores-de-135-municipios\/","title":{"rendered":"Mais de R$ 8 milh\u00f5es para pagamento do Garantia-Safra a agricultores de 135 munic\u00edpios"},"content":{"rendered":"<p>O Governo da Para\u00edba destinou mais de R$ 8,5 milh\u00f5es de contrapartida para o pagamento do Garantia-Safra, que vai beneficiar 48.527 agricultores familiares que tiveram perda de safra comprovada e aderiram ao programa, abrangendo 135 munic\u00edpios paraibanos. Eles receber\u00e3o, a partir deste m\u00eas, o benef\u00edcio no valor de R$ 1.200.<\/p>\n<p>O Garantia-Safra \u00e9 uma a\u00e7\u00e3o do Programa Nacional de Fortalecimento da Agricultura Familiar (Pronaf), do Governo federal, e ocorre em parceria com o Governo da Para\u00edba, por meio da Secretaria da Agricultura Familiar e do Desenvolvimento do Semi\u00e1rido (Seafds) e prefeituras municipais. O programa foi criado para assegurar condi\u00e7\u00f5es m\u00ednimas de sobreviv\u00eancia aos agricultores familiares de cidades sistematicamente sujeitas \u00e0 perda severa de safra por raz\u00e3o do fen\u00f4meno da estiagem ou excesso h\u00eddrico. Ao total, foram disponibilizados R$ 58,2 milh\u00f5es para o pagamento do Garantia-Safra no estado.<\/p>\n<p>Para consultar se ir\u00e1 receber o benef\u00edcio, o agricultor deve acessar o site oficial do programa, por meio do link\u00a0<a href=\"https:\/\/garantiasafra.mda.gov.br\/garantiasafra\/Relatorios\/frmConsultarBeneficiario.aspx\" target=\"_blank\" rel=\"noopener\">https:\/\/garantiasafra.mda.gov.br\/garantiasafra\/Relatorios\/frmConsultarBeneficiario.aspx#<\/a>\u00a0 e preencher os campos em branco com os dados solicitados, o CPF e a safra regente, no caso 2022\/2023. Caso o benef\u00edcio tenha sido aceito, as informa\u00e7\u00f5es sobre valores e datas de pagamento ser\u00e3o disponibilizadas na tela.<\/p>\n<p>Em caso de d\u00favidas, o agricultor deve procurar a Secretaria Municipal de Agricultura de seu munic\u00edpio.<\/p>\n<p><b>Munic\u00edpios com perda comprovada &#8211;\u00a0<\/b>A lista de munic\u00edpios selecionados foi divulgada por meio das portarias n\u00ba 127, de 14 de mar\u00e7o de 2024 e n\u00ba 139, de 16 de abril de 2024, do SAF\/MDA, e levou em considera\u00e7\u00e3o os \u00edndices do Instituto Nacional de Meteorologia (Inmet) e Centro Nacional de Monitoramento e Alertas de Desastres Naturais (Cemaden).<\/p>\n","protected":false},"excerpt":{"rendered":"<p>O Governo da Para\u00edba destinou mais de R$ 8,5 milh\u00f5es de contrapartida para o pagamento do Garantia-Safra, que vai beneficiar 48.527 agricultores familiares que tiveram perda de safra comprovada e aderiram ao programa, abrangendo 135 munic\u00edpios paraibanos. Eles receber\u00e3o, a partir deste m\u00eas, o benef\u00edcio no valor de R$ 1.200. O Garantia-Safra \u00e9 uma a\u00e7\u00e3o &hellip;<\/p>\n","protected":false},"author":1,"featured_media":97732,"comment_status":"open","ping_status":"open","sticky":false,"template":"","format":"standard","meta":{"footnotes":""},"categories":[10],"tags":[],"class_list":["post-121795","post","type-post","status-publish","format-standard","has-post-thumbnail","hentry","category-manchetes"],"_links":{"self":[{"href":"https:\/\/iparaiba.com.br\/index.php\/wp-json\/wp\/v2\/posts\/121795","targetHints":{"allow":["GET"]}}],"collection":[{"href":"https:\/\/iparaiba.com.br\/index.php\/wp-json\/wp\/v2\/posts"}],"about":[{"href":"https:\/\/iparaiba.com.br\/index.php\/wp-json\/wp\/v2\/types\/post"}],"author":[{"embeddable":true,"href":"https:\/\/iparaiba.com.br\/index.php\/wp-json\/wp\/v2\/users\/1"}],"replies":[{"embeddable":true,"href":"https:\/\/iparaiba.com.br\/index.php\/wp-json\/wp\/v2\/comments?post=121795"}],"version-history":[{"count":1,"href":"https:\/\/iparaiba.com.br\/index.php\/wp-json\/wp\/v2\/posts\/121795\/revisions"}],"predecessor-version":[{"id":121836,"href":"https:\/\/iparaiba.com.br\/index.php\/wp-json\/wp\/v2\/posts\/121795\/revisions\/121836"}],"wp:featuredmedia":[{"embeddable":true,"href":"https:\/\/iparaiba.com.br\/index.php\/wp-json\/wp\/v2\/media\/97732"}],"wp:attachment":[{"href":"https:\/\/iparaiba.com.br\/index.php\/wp-json\/wp\/v2\/media?parent=121795"}],"wp:term":[{"taxonomy":"category","embeddable":true,"href":"https:\/\/iparaiba.com.br\/index.php\/wp-json\/wp\/v2\/categories?post=121795"},{"taxonomy":"post_tag","embeddable":true,"href":"https:\/\/iparaiba.com.br\/index.php\/wp-json\/wp\/v2\/tags?post=121795"}],"curies":[{"name":"wp","href":"https:\/\/api.w.org\/{rel}","templated":true}]}}