{"id":121793,"date":"2024-04-19T18:39:23","date_gmt":"2024-04-19T21:39:23","guid":{"rendered":"https:\/\/onordeste.com.br\/?p=121793"},"modified":"2024-04-19T18:39:23","modified_gmt":"2024-04-19T21:39:23","slug":"empaer-realiza-vacinacao-dos-rebanhos-das-estacoes-experimentais-contra-febre-aftosa","status":"publish","type":"post","link":"https:\/\/iparaiba.com.br\/index.php\/2024\/04\/19\/empaer-realiza-vacinacao-dos-rebanhos-das-estacoes-experimentais-contra-febre-aftosa\/","title":{"rendered":"Empaer realiza vacina\u00e7\u00e3o dos rebanhos das esta\u00e7\u00f5es experimentais contra febre aftosa"},"content":{"rendered":"<p>A Empresa Paraibana de Pesquisa, Extens\u00e3o Rural e Regulariza\u00e7\u00e3o Fundi\u00e1ria (Empaer) concluir\u00e1, nesta sexta-feira (19), a vacina\u00e7\u00e3o contra febre aftosa de todo rebanho bovino composto por animais das ra\u00e7as Gir, Guzer\u00e1, Sindi e Pardo Su\u00ed\u00e7o, objeto de pesquisas nas Esta\u00e7\u00f5es Experimentais de Alagoinha e Umbuzeiro.<\/p>\n<p>Na Esta\u00e7\u00e3o Alagoinha, os trabalhos s\u00e3o acompanhados pelos pesquisadores Ricardo de Miranda Henrique Leite e R\u00f4mulo Pontes Freitas de Albuquerque, com a supervis\u00e3o do gerente da Esta\u00e7\u00e3o, Rubens Fernandes da Costa. J\u00e1 na Esta\u00e7\u00e3o de Pesquisas de Umbuzeiro, os trabalhos de vacina\u00e7\u00e3o do rebanho Gir est\u00e3o sendo acompanhados pelo gerente Gilvan Junior.<\/p>\n<p>O gerente da Esta\u00e7\u00e3o de Alagoinha, Rubens Fernandes lembrou da necessidade de que todos os criadores vacinem seus rebanhos para garantir a erradica\u00e7\u00e3o da febre aftosa na Para\u00edba. \u201c\u00c9 importante darmos o exemplo e sa\u00edmos mais uma vez na frente da campanha de vacina\u00e7\u00e3o dos animais, principalmente nessa fase onde o Estado s\u00f3 tem 15 dias para vacinar o rebanho para que possamos, em 2025, sermos declarados livres de aftosa sem vacina\u00e7\u00e3o\u201d, comentou.<\/p>\n<p>H\u00e1 d\u00e9cadas, a Empaer trabalha com estudos de melhoramento gen\u00e9tico, destacando-se nos programas com gado zebu\u00edno leiteiro, o que torna a Para\u00edba refer\u00eancia nacional. Os trabalhos s\u00e3o fruto da parceria com a Embrapa Gado de Leite e s\u00e3o desenvolvidos nas esta\u00e7\u00f5es experimentais de Alagoinha e Umbuzeiro, com excelentes resultados.<\/p>\n<p>Em Alagoinha, os pesquisadores trabalham com pesquisa de melhoramento gen\u00e9tico de animais das ra\u00e7as Sindi e Guzer\u00e1, j\u00e1 dispondo de um banco de dados de grande valor para a contribui\u00e7\u00e3o da melhoria dos rebanhos bovinos.<\/p>\n<p>O trabalho desenvolvido pela Esta\u00e7\u00e3o Experimental de Alagoinha e em Umbuzeiro \u00e9 fundamental para o melhoramento gen\u00e9tico e tamb\u00e9m a conserva\u00e7\u00e3o gen\u00e9tica das ra\u00e7as Sindi, Gir, Guzer\u00e1, e Pardo Su\u00ed\u00e7o adaptados ao semi\u00e1rido e que possuem grande potencial de produ\u00e7\u00e3o de carne e leite no cen\u00e1rio paraibano e tamb\u00e9m nacional.<\/p>\n<p><b>Vacina\u00e7\u00e3o\u00a0<\/b>&#8211; At\u00e9 o dia 30 deste m\u00eas, a meta \u00e9 que 90% do rebanho bovino de 1,3 milh\u00e3o de animais seja vacinado contra a febre aftosa. Para isso, o Governo da Para\u00edba antecipou o in\u00edcio da campanha de vacina\u00e7\u00e3o com o principal objetivo de que o Estado alcance o status de livre da febre aftosa sem vacina\u00e7\u00e3o, atendendo \u00e0s exig\u00eancias do Minist\u00e9rio da Agricultura e Pesca (Mapa).<\/p>\n<p>Desse modo, os produtores devem comprar as vacinas nas revendas, vacinar o rebanho e declarar nos escrit\u00f3rios de Defesa Agropecu\u00e1ria.<\/p>\n<p><b>Recomenda\u00e7\u00f5es<\/b><\/p>\n<p>&#8211; As vacinas devem ser adquiridas nas casas veterin\u00e1rias cadastradas na Ger\u00eancia Executiva de Defesa Agropecu\u00e1ria da Secretaria de Estado do Desenvolvimento da Agropecu\u00e1ria e da Pesca (Sedap) e mantidas entre 2\u00b0C e 8\u00b0C &#8211; desde a aquisi\u00e7\u00e3o at\u00e9 o momento da utiliza\u00e7\u00e3o \u2013 incluindo o transporte e a aplica\u00e7\u00e3o, j\u00e1 na fazenda;<\/p>\n<p>&#8211; devem ser usadas agulhas novas para aplica\u00e7\u00e3o da dose de 2 ml na t\u00e1bua do pesco\u00e7o de cada animal, preferindo as horas mais frescas do dia, para fazer a conten\u00e7\u00e3o adequada dos animais e a aplica\u00e7\u00e3o da vacina;<\/p>\n<p>&#8211; o produtor deve fazer a comprova\u00e7\u00e3o junto aos escrit\u00f3rios da Defesa Agropecu\u00e1ria no prazo de 10 dias \u2013 contados a partir da data da compra da vacina;<\/p>\n<p>&#8211; em caso de d\u00favidas, a orienta\u00e7\u00e3o \u00e9 para que procurem os escrit\u00f3rios da Defesa Agropecu\u00e1ria distribu\u00eddos no interior do Estado.<\/p>\n","protected":false},"excerpt":{"rendered":"<p>A Empresa Paraibana de Pesquisa, Extens\u00e3o Rural e Regulariza\u00e7\u00e3o Fundi\u00e1ria (Empaer) concluir\u00e1, nesta sexta-feira (19), a vacina\u00e7\u00e3o contra febre aftosa de todo rebanho bovino composto por animais das ra\u00e7as Gir, Guzer\u00e1, Sindi e Pardo Su\u00ed\u00e7o, objeto de pesquisas nas Esta\u00e7\u00f5es Experimentais de Alagoinha e Umbuzeiro. Na Esta\u00e7\u00e3o Alagoinha, os trabalhos s\u00e3o acompanhados pelos pesquisadores Ricardo &hellip;<\/p>\n","protected":false},"author":1,"featured_media":98785,"comment_status":"open","ping_status":"open","sticky":false,"template":"","format":"standard","meta":{"footnotes":""},"categories":[3],"tags":[],"class_list":["post-121793","post","type-post","status-publish","format-standard","has-post-thumbnail","hentry","category-nordeste"],"_links":{"self":[{"href":"https:\/\/iparaiba.com.br\/index.php\/wp-json\/wp\/v2\/posts\/121793","targetHints":{"allow":["GET"]}}],"collection":[{"href":"https:\/\/iparaiba.com.br\/index.php\/wp-json\/wp\/v2\/posts"}],"about":[{"href":"https:\/\/iparaiba.com.br\/index.php\/wp-json\/wp\/v2\/types\/post"}],"author":[{"embeddable":true,"href":"https:\/\/iparaiba.com.br\/index.php\/wp-json\/wp\/v2\/users\/1"}],"replies":[{"embeddable":true,"href":"https:\/\/iparaiba.com.br\/index.php\/wp-json\/wp\/v2\/comments?post=121793"}],"version-history":[{"count":1,"href":"https:\/\/iparaiba.com.br\/index.php\/wp-json\/wp\/v2\/posts\/121793\/revisions"}],"predecessor-version":[{"id":121835,"href":"https:\/\/iparaiba.com.br\/index.php\/wp-json\/wp\/v2\/posts\/121793\/revisions\/121835"}],"wp:featuredmedia":[{"embeddable":true,"href":"https:\/\/iparaiba.com.br\/index.php\/wp-json\/wp\/v2\/media\/98785"}],"wp:attachment":[{"href":"https:\/\/iparaiba.com.br\/index.php\/wp-json\/wp\/v2\/media?parent=121793"}],"wp:term":[{"taxonomy":"category","embeddable":true,"href":"https:\/\/iparaiba.com.br\/index.php\/wp-json\/wp\/v2\/categories?post=121793"},{"taxonomy":"post_tag","embeddable":true,"href":"https:\/\/iparaiba.com.br\/index.php\/wp-json\/wp\/v2\/tags?post=121793"}],"curies":[{"name":"wp","href":"https:\/\/api.w.org\/{rel}","templated":true}]}}