{"id":121789,"date":"2024-04-19T14:00:19","date_gmt":"2024-04-19T17:00:19","guid":{"rendered":"https:\/\/onordeste.com.br\/?p=121789"},"modified":"2024-04-19T14:00:19","modified_gmt":"2024-04-19T17:00:19","slug":"ampliado-publico-alvo-da-vacina-contra-a-dengue-para-evitar-perdas-do-imunizante","status":"publish","type":"post","link":"https:\/\/iparaiba.com.br\/index.php\/2024\/04\/19\/ampliado-publico-alvo-da-vacina-contra-a-dengue-para-evitar-perdas-do-imunizante\/","title":{"rendered":"Ampliado p\u00fablico-alvo da vacina contra a dengue para evitar perdas do imunizante"},"content":{"rendered":"<p>O Governo da Para\u00edba, por meio da Secretaria de Estado da Sa\u00fade (SES) \u2013 atrav\u00e9s do N\u00facleo de Imuniza\u00e7\u00e3o \u2013 ampliou a faixa et\u00e1ria do p\u00fablico-alvo da vacina contra a dengue. A recomenda\u00e7\u00e3o \u00e9 do Minist\u00e9rio da Sa\u00fade para evitar perdas do imunizante que tem data de validade at\u00e9 30 de abril. A estrat\u00e9gia \u00e9 tempor\u00e1ria.<\/p>\n<p>De acordo com a chefe do N\u00facleo de Imuniza\u00e7\u00e3o da SES, M\u00e1rcia Mayara, essa \u00e9 uma estrat\u00e9gia tempor\u00e1ria v\u00e1lida para aqueles 24 munic\u00edpios que est\u00e3o dentro dos crit\u00e9rios definidos pelo Minist\u00e9rio da Sa\u00fade para vacinar contra dengue neste ano de 2024. Ela explica que a recomenda\u00e7\u00e3o \u00e9 para os territ\u00f3rios que t\u00eam um quantitativo de doses que represente risco de perda f\u00edsica, podendo ampliar o p\u00fablico para 06 a 16 anos.<\/p>\n<p>\u201cSe o munic\u00edpio perceber que, mesmo ampliando para este p\u00fablico, ainda h\u00e1 o risco de perdas de doses, pode ampliar para a faixa et\u00e1ria de 04 a 59 anos, que \u00e9 a faixa et\u00e1ria limite da vacina da dengue. \u00c9 importante frisar que essa amplia\u00e7\u00e3o de p\u00fablico \u00e9 uma estrat\u00e9gia tempor\u00e1ria s\u00f3 para o lote de vacina que tem validade at\u00e9 30 de abril. Ampliando a faixa et\u00e1ria dentro do munic\u00edpio, com a d1, o Minist\u00e9rio da Sa\u00fade vai garantir que essa crian\u00e7a ou esse adulto tome a d2 da vacina\u201d, explanou.<\/p>\n<p>De acordo com o sistema de informa\u00e7\u00e3o oficial do Minist\u00e9rio da Sa\u00fade, a Para\u00edba tem 29.019 doses aplicadas. A SES recebeu e distribuiu para os 24 munic\u00edpios 37.040 doses.<\/p>\n","protected":false},"excerpt":{"rendered":"<p>O Governo da Para\u00edba, por meio da Secretaria de Estado da Sa\u00fade (SES) \u2013 atrav\u00e9s do N\u00facleo de Imuniza\u00e7\u00e3o \u2013 ampliou a faixa et\u00e1ria do p\u00fablico-alvo da vacina contra a dengue. A recomenda\u00e7\u00e3o \u00e9 do Minist\u00e9rio da Sa\u00fade para evitar perdas do imunizante que tem data de validade at\u00e9 30 de abril. A estrat\u00e9gia \u00e9 &hellip;<\/p>\n","protected":false},"author":1,"featured_media":97614,"comment_status":"open","ping_status":"open","sticky":false,"template":"","format":"standard","meta":{"footnotes":""},"categories":[2],"tags":[],"class_list":["post-121789","post","type-post","status-publish","format-standard","has-post-thumbnail","hentry","category-saude"],"_links":{"self":[{"href":"https:\/\/iparaiba.com.br\/index.php\/wp-json\/wp\/v2\/posts\/121789","targetHints":{"allow":["GET"]}}],"collection":[{"href":"https:\/\/iparaiba.com.br\/index.php\/wp-json\/wp\/v2\/posts"}],"about":[{"href":"https:\/\/iparaiba.com.br\/index.php\/wp-json\/wp\/v2\/types\/post"}],"author":[{"embeddable":true,"href":"https:\/\/iparaiba.com.br\/index.php\/wp-json\/wp\/v2\/users\/1"}],"replies":[{"embeddable":true,"href":"https:\/\/iparaiba.com.br\/index.php\/wp-json\/wp\/v2\/comments?post=121789"}],"version-history":[{"count":1,"href":"https:\/\/iparaiba.com.br\/index.php\/wp-json\/wp\/v2\/posts\/121789\/revisions"}],"predecessor-version":[{"id":121833,"href":"https:\/\/iparaiba.com.br\/index.php\/wp-json\/wp\/v2\/posts\/121789\/revisions\/121833"}],"wp:featuredmedia":[{"embeddable":true,"href":"https:\/\/iparaiba.com.br\/index.php\/wp-json\/wp\/v2\/media\/97614"}],"wp:attachment":[{"href":"https:\/\/iparaiba.com.br\/index.php\/wp-json\/wp\/v2\/media?parent=121789"}],"wp:term":[{"taxonomy":"category","embeddable":true,"href":"https:\/\/iparaiba.com.br\/index.php\/wp-json\/wp\/v2\/categories?post=121789"},{"taxonomy":"post_tag","embeddable":true,"href":"https:\/\/iparaiba.com.br\/index.php\/wp-json\/wp\/v2\/tags?post=121789"}],"curies":[{"name":"wp","href":"https:\/\/api.w.org\/{rel}","templated":true}]}}