{"id":121788,"date":"2024-04-19T12:00:18","date_gmt":"2024-04-19T15:00:18","guid":{"rendered":"https:\/\/onordeste.com.br\/?p=121787"},"modified":"2024-04-19T12:00:18","modified_gmt":"2024-04-19T15:00:18","slug":"esa-prorroga-inscricoes-para-bolsas-de-pos-graduacao-em-pratica-em-advocacia-trabalhista-e-previdenciaria","status":"publish","type":"post","link":"https:\/\/iparaiba.com.br\/index.php\/2024\/04\/19\/esa-prorroga-inscricoes-para-bolsas-de-pos-graduacao-em-pratica-em-advocacia-trabalhista-e-previdenciaria\/","title":{"rendered":"ESA prorroga inscri\u00e7\u00f5es para bolsas de p\u00f3s-gradua\u00e7\u00e3o em Pr\u00e1tica em Advocacia Trabalhista e Previdenci\u00e1ria"},"content":{"rendered":"<p>Boa not\u00edcia para quem deseja uma bolsa integral de estudos para a p\u00f3s-gradua\u00e7\u00e3o latu sensu da Escola Superior da Advocacia (ESA) em Pr\u00e1tica em Advocacia Trabalhista e Previdenci\u00e1ria. As inscri\u00e7\u00f5es foram prorrogadas at\u00e9 16 de abril e podem ser realizadas\u00a0<a href=\"https:\/\/esa.oab.org.br\/inscricaobolsa\" target=\"_blank\" rel=\"noopener\">neste link<\/a>. Ao todo, dez mil benef\u00edcios ser\u00e3o concedidos em todo o Brasil.<\/p>\n<p>Para o pagamento da taxa de inscri\u00e7\u00e3o, os interessados t\u00eam at\u00e9 18 de abril. J\u00e1 a divulga\u00e7\u00e3o da lista de convocados para a realiza\u00e7\u00e3o da prova objetiva ocorrer\u00e1 no dia 26 do mesmo m\u00eas.<\/p>\n<p>O programa de bolsas \u00e9 oferecido em parceria com a Funda\u00e7\u00e3o Escola Superior do Minist\u00e9rio P\u00fablico (FMP) e leva em considera\u00e7\u00e3o a an\u00e1lise de crit\u00e9rios socioecon\u00f4micos e a realiza\u00e7\u00e3o de uma prova objetiva.<\/p>\n<p>O curso ser\u00e1 desenvolvido a dist\u00e2ncia e tem o in\u00edcio programado para o dia 1\u00ba de agosto deste ano.<\/p>\n<p><a href=\"https:\/\/esa.oab.org.br\/inscricaobolsa\" target=\"_blank\" rel=\"noopener\">Clique aqui<\/a>\u00a0para realizar as inscri\u00e7\u00f5es e para mais informa\u00e7\u00f5es.<\/p>\n","protected":false},"excerpt":{"rendered":"<p>Boa not\u00edcia para quem deseja uma bolsa integral de estudos para a p\u00f3s-gradua\u00e7\u00e3o latu sensu da Escola Superior da Advocacia (ESA) em Pr\u00e1tica em Advocacia Trabalhista e Previdenci\u00e1ria. As inscri\u00e7\u00f5es foram prorrogadas at\u00e9 16 de abril e podem ser realizadas\u00a0neste link. Ao todo, dez mil benef\u00edcios ser\u00e3o concedidos em todo o Brasil. Para o pagamento &hellip;<\/p>\n","protected":false},"author":1,"featured_media":110370,"comment_status":"open","ping_status":"open","sticky":false,"template":"","format":"standard","meta":{"footnotes":""},"categories":[9],"tags":[],"class_list":["post-121788","post","type-post","status-publish","format-standard","has-post-thumbnail","hentry","category-justica"],"_links":{"self":[{"href":"https:\/\/iparaiba.com.br\/index.php\/wp-json\/wp\/v2\/posts\/121788","targetHints":{"allow":["GET"]}}],"collection":[{"href":"https:\/\/iparaiba.com.br\/index.php\/wp-json\/wp\/v2\/posts"}],"about":[{"href":"https:\/\/iparaiba.com.br\/index.php\/wp-json\/wp\/v2\/types\/post"}],"author":[{"embeddable":true,"href":"https:\/\/iparaiba.com.br\/index.php\/wp-json\/wp\/v2\/users\/1"}],"replies":[{"embeddable":true,"href":"https:\/\/iparaiba.com.br\/index.php\/wp-json\/wp\/v2\/comments?post=121788"}],"version-history":[{"count":1,"href":"https:\/\/iparaiba.com.br\/index.php\/wp-json\/wp\/v2\/posts\/121788\/revisions"}],"predecessor-version":[{"id":121832,"href":"https:\/\/iparaiba.com.br\/index.php\/wp-json\/wp\/v2\/posts\/121788\/revisions\/121832"}],"wp:featuredmedia":[{"embeddable":true,"href":"https:\/\/iparaiba.com.br\/index.php\/wp-json\/wp\/v2\/media\/110370"}],"wp:attachment":[{"href":"https:\/\/iparaiba.com.br\/index.php\/wp-json\/wp\/v2\/media?parent=121788"}],"wp:term":[{"taxonomy":"category","embeddable":true,"href":"https:\/\/iparaiba.com.br\/index.php\/wp-json\/wp\/v2\/categories?post=121788"},{"taxonomy":"post_tag","embeddable":true,"href":"https:\/\/iparaiba.com.br\/index.php\/wp-json\/wp\/v2\/tags?post=121788"}],"curies":[{"name":"wp","href":"https:\/\/api.w.org\/{rel}","templated":true}]}}