{"id":121785,"date":"2024-04-19T06:00:02","date_gmt":"2024-04-19T09:00:02","guid":{"rendered":"https:\/\/onordeste.com.br\/?p=121781"},"modified":"2024-04-19T06:00:02","modified_gmt":"2024-04-19T09:00:02","slug":"ccj-acata-a-regulamentacao-do-servico-de-transporte-de-pequenas-cargas-e-passageiros","status":"publish","type":"post","link":"https:\/\/iparaiba.com.br\/index.php\/2024\/04\/19\/ccj-acata-a-regulamentacao-do-servico-de-transporte-de-pequenas-cargas-e-passageiros\/","title":{"rendered":"CCJ acata a regulamenta\u00e7\u00e3o do servi\u00e7o de transporte de pequenas cargas e passageiros"},"content":{"rendered":"<p>A Comiss\u00e3o de Constitui\u00e7\u00e3o, Justi\u00e7a, Reda\u00e7\u00e3o e Legisla\u00e7\u00e3o Participativa (CCJ) foi favor\u00e1vel \u00e0 regulamenta\u00e7\u00e3o do servi\u00e7o de transporte de pequenas cargas e passageiros, denominado T\u00e1xi Especial. O colegiado aprovou nove Projetos de Lei Ordin\u00e1ria (PLO), uma Medida Provis\u00f3ria (MP) e um Projeto de Decreto Legislativo (PDL). Quatro PLOs foram rejeitados; outro foi retirado de pauta e mais um recebeu pedido de vista.<\/p>\n<p>O PLO\u00a0<a href=\"https:\/\/sapl.joaopessoa.pb.leg.br\/materia\/pesquisar-materia?tipo=1&amp;ementa=&amp;numero=2038&amp;numeracao__numero_materia=&amp;numero_protocolo=&amp;ano=2024&amp;autoria__autor=&amp;autoria__primeiro_autor=unknown&amp;autoria__autor__tipo=&amp;autoria__autor__parlamentar_set__filiacao__pa\" target=\"_blank\" rel=\"noopener\" data-saferedirecturl=\"https:\/\/www.google.com\/url?q=https:\/\/sapl.joaopessoa.pb.leg.br\/materia\/pesquisar-materia?tipo%3D1%26ementa%3D%26numero%3D2038%26numeracao__numero_materia%3D%26numero_protocolo%3D%26ano%3D2024%26autoria__autor%3D%26autoria__primeiro_autor%3Dunknown%26autoria__autor__tipo%3D%26autoria__autor__parlamentar_set__filiacao__pa&amp;source=gmail&amp;ust=1713554086916000&amp;usg=AOvVaw3IKZ5uk-QDdiEvmVOW9l5z\">2038\/2024<\/a>, do Executivo Municipal, regulamenta o servi\u00e7o de transporte de pequenas cargas e passageiros, denominado T\u00e1xi Especial, determinando que ele depende de licen\u00e7a espec\u00edfica concedida exclusivamente pela Superintend\u00eancia Executiva de Mobilidade Urbana de Jo\u00e3o Pessoa (Semob-JP), aos taxistas permission\u00e1rios do munic\u00edpio que desejarem e se enquadrarem. Tamb\u00e9m fica especificado que a licen\u00e7a poder\u00e1 ser cancelada a qualquer tempo pelo Poder P\u00fablico, caso haja descumprimento das normas espec\u00edficas para a mesma. O servi\u00e7o Taxi Especial ser\u00e1 prestado com observ\u00e2ncia ao artigo 109, do C\u00f3digo de Tr\u00e2nsito Brasileiro e das Resolu\u00e7\u00f5es do Conselho Nacional de Tr\u00e2nsito (Contran). Ainda fica estabelecido que os taxistas permission\u00e1rios que desejem aderir ao T\u00e1xi Especial poder\u00e3o faz\u00ea-lo mediante a troca de seu ve\u00edculo por um ve\u00edculo do tipo \u2018picape ou caminhonete\u2019, que atenda \u00e0s especifica\u00e7\u00f5es e regras definidas na nova norma, com as seguintes especifica\u00e7\u00f5es: peso m\u00e1ximo de duas toneladas, cor branca, cabine dupla, quatro portas, pot\u00eancia do motor no m\u00e1ximo 2.0, dispondo de ar- condicionado, com tempo de uso de no m\u00e1ximo cinco anos, combust\u00edvel flex (\u00e1lcool e gasolina), categoria de aluguel, com capacidade m\u00e1xima para transportar at\u00e9 cinco passageiros sentados, inclu\u00eddo o condutor, conforme especifica\u00e7\u00e3o do respectivo fabricante.<\/p>\n<p>Outra mat\u00e9ria do Executivo acatada foi a MP\u00a0<a href=\"https:\/\/sapl.joaopessoa.pb.leg.br\/materia\/pesquisar-materia?tipo=16&amp;ementa=&amp;numero=47&amp;numeracao__numero_materia=&amp;numero_protocolo=&amp;ano=2024&amp;autoria__autor=&amp;autoria__primeiro_autor=unknown&amp;autoria__autor__tipo=&amp;autoria__autor__parlamentar_set__filiacao__par\" target=\"_blank\" rel=\"noopener\" data-saferedirecturl=\"https:\/\/www.google.com\/url?q=https:\/\/sapl.joaopessoa.pb.leg.br\/materia\/pesquisar-materia?tipo%3D16%26ementa%3D%26numero%3D47%26numeracao__numero_materia%3D%26numero_protocolo%3D%26ano%3D2024%26autoria__autor%3D%26autoria__primeiro_autor%3Dunknown%26autoria__autor__tipo%3D%26autoria__autor__parlamentar_set__filiacao__par&amp;source=gmail&amp;ust=1713554086916000&amp;usg=AOvVaw0iNUywc4DCiNhDblxBTnbA\">47\/2024<\/a>, que prop\u00f5e prorroga\u00e7\u00e3o da isen\u00e7\u00e3o parcial \u00e0s empresas concession\u00e1rias do servi\u00e7o p\u00fablico de transporte coletivo de passageiros, bem como remiss\u00e3o de cr\u00e9ditos tribut\u00e1rios de igual natureza. A medida de isen\u00e7\u00e3o parcial foi originalmente proposta pela Lei Complementar n.\u00ba 154, de 31 de mar\u00e7o de 2023, com a justificativa de que em raz\u00e3o da pandemia causada pelo Coronav\u00edrus, v\u00e1rias medidas de restri\u00e7\u00e3o \u00e0s atividades produtivas e sociais foram adotadas no Munic\u00edpio, a exemplo de limita\u00e7\u00f5es para o funcionamento de estabelecimentos empresarias, bem como ao uso de espa\u00e7os p\u00fablicos. \u201cTais provid\u00eancias acabaram por reduzir significativamente a circula\u00e7\u00e3o de pessoas, inclusive quando consideramos as estat\u00edsticas relacionadas ao uso do transporte p\u00fablico de passageiros na Capital. A isen\u00e7\u00e3o parcial foi institu\u00edda com car\u00e1ter tempor\u00e1rio, encerrando sua efic\u00e1cia no dia 31 de dezembro de 2023. Ocorre que os efeitos econ\u00f4micos indicados como motivadores daquela propositura ainda se fazem sentir\u201d, justificou o Executivo Municipal.<\/p>\n<p>Tamb\u00e9m recebeu parecer favor\u00e1vel o PLO\u00a0<a href=\"https:\/\/sapl.joaopessoa.pb.leg.br\/materia\/pesquisar-materia?tipo=1&amp;ementa=&amp;numero=1981&amp;numeracao__numero_materia=&amp;numero_protocolo=&amp;ano=2024&amp;autoria__autor=&amp;autoria__primeiro_autor=unknown&amp;autoria__autor__tipo=&amp;autoria__autor__parlamentar_set__filiacao__pa\" target=\"_blank\" rel=\"noopener\" data-saferedirecturl=\"https:\/\/www.google.com\/url?q=https:\/\/sapl.joaopessoa.pb.leg.br\/materia\/pesquisar-materia?tipo%3D1%26ementa%3D%26numero%3D1981%26numeracao__numero_materia%3D%26numero_protocolo%3D%26ano%3D2024%26autoria__autor%3D%26autoria__primeiro_autor%3Dunknown%26autoria__autor__tipo%3D%26autoria__autor__parlamentar_set__filiacao__pa&amp;source=gmail&amp;ust=1713554086916000&amp;usg=AOvVaw1ARqnpjz69lcH1iqgHI69P\">1981\/2024<\/a>, de Zezinho Botafogo (PSB), instituindo uma linha de apoio \u00e0s v\u00edtimas de viol\u00eancia dom\u00e9stica, destinada a prestar orienta\u00e7\u00e3o, acolhimento e encaminhamento adequado para garantir a prote\u00e7\u00e3o e assist\u00eancia necess\u00e1rias, que funcionar\u00e1 24 horas por dia, durante todos os dias da semana, sendo acess\u00edvel por meio de telefone, aplicativos de mensagens e outras formas de comunica\u00e7\u00e3o eletr\u00f4nica. O servi\u00e7o ser\u00e1 prestado por profissionais capacitados, que observar\u00e3o a necessidade de sigilo e a urg\u00eancia do caso, podendo realizar orienta\u00e7\u00f5es jur\u00eddicas, psicol\u00f3gicas e assistenciais. Fica autorizado o estabelecimento de parcerias com entidades da sociedade civil, visando fortalecer essa rede de apoio, que dever\u00e3o ser realizadas por meio de conv\u00eanios e termos de coopera\u00e7\u00e3o, respeitando os princ\u00edpios legais e constitucionais.<\/p>\n<p>Ainda foi acatado o PDL\u00a0<a href=\"https:\/\/sapl.joaopessoa.pb.leg.br\/materia\/pesquisar-materia?tipo=6&amp;ementa=&amp;numero=227&amp;numeracao__numero_materia=&amp;numero_protocolo=&amp;ano=2024&amp;autoria__autor=&amp;autoria__primeiro_autor=unknown&amp;autoria__autor__tipo=&amp;autoria__autor__parlamentar_set__filiacao__par\" target=\"_blank\" rel=\"noopener\" data-saferedirecturl=\"https:\/\/www.google.com\/url?q=https:\/\/sapl.joaopessoa.pb.leg.br\/materia\/pesquisar-materia?tipo%3D6%26ementa%3D%26numero%3D227%26numeracao__numero_materia%3D%26numero_protocolo%3D%26ano%3D2024%26autoria__autor%3D%26autoria__primeiro_autor%3Dunknown%26autoria__autor__tipo%3D%26autoria__autor__parlamentar_set__filiacao__par&amp;source=gmail&amp;ust=1713554086916000&amp;usg=AOvVaw2Xk7r3HYXoxdHM64-uvmLm\">227\/2024<\/a>, do presidente da CMJP, vereador Dinho Dowsley (PSD), outorgando a Medalha Cidade de Jo\u00e3o Pessoa \u00e0 presidente da Federa\u00e7\u00e3o Paraibana de Futebol (FPF), Michelle Ramalho Cardoso, pelos relevantes servi\u00e7os prestados \u00e0 cidade de Jo\u00e3o Pessoa.<br \/>\nCMJP<\/p>\n<p>&nbsp;<\/p>\n","protected":false},"excerpt":{"rendered":"<p>A Comiss\u00e3o de Constitui\u00e7\u00e3o, Justi\u00e7a, Reda\u00e7\u00e3o e Legisla\u00e7\u00e3o Participativa (CCJ) foi favor\u00e1vel \u00e0 regulamenta\u00e7\u00e3o do servi\u00e7o de transporte de pequenas cargas e passageiros, denominado T\u00e1xi Especial. O colegiado aprovou nove Projetos de Lei Ordin\u00e1ria (PLO), uma Medida Provis\u00f3ria (MP) e um Projeto de Decreto Legislativo (PDL). Quatro PLOs foram rejeitados; outro foi retirado de pauta &hellip;<\/p>\n","protected":false},"author":1,"featured_media":98191,"comment_status":"open","ping_status":"open","sticky":false,"template":"","format":"standard","meta":{"footnotes":""},"categories":[6],"tags":[],"class_list":["post-121785","post","type-post","status-publish","format-standard","has-post-thumbnail","hentry","category-destaques"],"_links":{"self":[{"href":"https:\/\/iparaiba.com.br\/index.php\/wp-json\/wp\/v2\/posts\/121785","targetHints":{"allow":["GET"]}}],"collection":[{"href":"https:\/\/iparaiba.com.br\/index.php\/wp-json\/wp\/v2\/posts"}],"about":[{"href":"https:\/\/iparaiba.com.br\/index.php\/wp-json\/wp\/v2\/types\/post"}],"author":[{"embeddable":true,"href":"https:\/\/iparaiba.com.br\/index.php\/wp-json\/wp\/v2\/users\/1"}],"replies":[{"embeddable":true,"href":"https:\/\/iparaiba.com.br\/index.php\/wp-json\/wp\/v2\/comments?post=121785"}],"version-history":[{"count":1,"href":"https:\/\/iparaiba.com.br\/index.php\/wp-json\/wp\/v2\/posts\/121785\/revisions"}],"predecessor-version":[{"id":121829,"href":"https:\/\/iparaiba.com.br\/index.php\/wp-json\/wp\/v2\/posts\/121785\/revisions\/121829"}],"wp:featuredmedia":[{"embeddable":true,"href":"https:\/\/iparaiba.com.br\/index.php\/wp-json\/wp\/v2\/media\/98191"}],"wp:attachment":[{"href":"https:\/\/iparaiba.com.br\/index.php\/wp-json\/wp\/v2\/media?parent=121785"}],"wp:term":[{"taxonomy":"category","embeddable":true,"href":"https:\/\/iparaiba.com.br\/index.php\/wp-json\/wp\/v2\/categories?post=121785"},{"taxonomy":"post_tag","embeddable":true,"href":"https:\/\/iparaiba.com.br\/index.php\/wp-json\/wp\/v2\/tags?post=121785"}],"curies":[{"name":"wp","href":"https:\/\/api.w.org\/{rel}","templated":true}]}}