{"id":121767,"date":"2024-04-16T18:28:27","date_gmt":"2024-04-16T21:28:27","guid":{"rendered":"https:\/\/onordeste.com.br\/?p=121767"},"modified":"2024-04-16T18:28:27","modified_gmt":"2024-04-16T21:28:27","slug":"segunda-corrida-pela-vida-atrai-mais-de-mil-inscritos","status":"publish","type":"post","link":"https:\/\/iparaiba.com.br\/index.php\/2024\/04\/16\/segunda-corrida-pela-vida-atrai-mais-de-mil-inscritos\/","title":{"rendered":"Segunda Corrida pela Vida atrai mais de mil inscritos"},"content":{"rendered":"<p>A 2\u00aa Corrida Pela Vida ocorreu neste domingo (14), em Campina Grande, com percursos de 3 km, 5 km e 10 km. A iniciativa contou com 1.200 inscritos e doa\u00e7\u00f5es de sangue. A a\u00e7\u00e3o, que visa promover a vida por meio da doa\u00e7\u00e3o de sangue, foi promovida pelo Governo da Para\u00edba, por meio da Secretaria de Estado da Sa\u00fade, com apoio do Hospital de Emerg\u00eancia e Trauma de Campina Grande, da Ger\u00eancia Executiva da Vigil\u00e2ncia em Sa\u00fade do Estado e do Hemocentro da Para\u00edba.<\/p>\n<p>O secret\u00e1rio de Sa\u00fade da Para\u00edba, Jhony Bezerra, destacou que a corrida, al\u00e9m incentivar as pessoas a adotarem h\u00e1bitos de vida saud\u00e1veis, tamb\u00e9m amplia os estoques de sangue do estado e impulsiona a capta\u00e7\u00e3o de novos doadores. Ele refor\u00e7a que esta edi\u00e7\u00e3o bateu o recorde de doa\u00e7\u00f5es da primeira. \u201cFinalizamos a segunda Corrida Pela Vida aqui em Campina Grande. A corrida foi um sucesso. Foram 1.200 doa\u00e7\u00f5es de sangue, um recorde em pouco mais de uma semana. As ruas de Campina transformam quil\u00f4metros em solidariedade, supera\u00e7\u00e3o e muita sa\u00fade\u201d, comentou.<\/p>\n<p>O diretor geral do Hospital de Trauma de Campina Grande, Sebasti\u00e3o Viana, ressaltou a import\u00e2ncia do evento para toda a Para\u00edba e frisou que a unidade de sa\u00fade utiliza em m\u00e9dia 20 a 30 bolsas de sangue por dia. \u201cUm evento como este vem beneficiar os pacientes. A gente sabe que quem doa sangue, doa vida. Nada melhor do que associar uma corrida como essa com doa\u00e7\u00e3o de sangue e a pr\u00e1tica de exerc\u00edcio f\u00edsico\u201d, observou.<\/p>\n<p>Para a diretora do Hemocentro da Para\u00edba, Shirlene Gadelha, com a corrida, o servi\u00e7o tem a possibilidade de captar novos doadores e, assim, aumentar o estoque de sangue do Hemocentro. \u201cFicamos gratos por todos que fizeram a inscri\u00e7\u00e3o da corrida e doaram sangue. Uma doa\u00e7\u00e3o de sangue pode salvar at\u00e9 quatro vidas\u201d, ressaltou.<\/p>\n<p>O primeiro lugar geral de 5 km feminino foi Edilene Guedes de Lima, com o tempo de 22m29s. J\u00e1 o primeiro lugar de 5 km masculino ficou com Robson Pierre Lima Brito, com o tempo de 18m48s. Do percurso dos 10 km feminino, a vencedora foi Patr\u00edcia Michelle Costa Gomes, com o tempo 47m11s. E do masculino, o vencedor foi Jos\u00e9 Elder Silva dos Santos, 34m18s.<\/p>\n<p>Doadora de sangue, a vencedora dos 10 km geral feminino Patr\u00edcia Michelle relatou que essa foi a primeira corrida de rua da qual participou. \u201cRecentemente eu entrei para o mundo da corrida. Eu fa\u00e7o mais trilha, mas diante do prop\u00f3sito da corrida que era a doa\u00e7\u00e3o de sangue, achei que uma coisa ia ser muito \u00fatil com a outra, e fui buscar o p\u00f3dio. Sou doadora, fui uma das primeiras a fazer a doa\u00e7\u00e3o. Assim que abriu, eu j\u00e1 estava l\u00e1. Eu achei a iniciativa muito bacana, principalmente porque as pessoas se empenharam para doar. Isso \u00e9 muito bacana, principalmente porque as pessoas precisam de sangue\u201d, completou<\/p>\n<p>A a\u00e7\u00e3o contou com atra\u00e7\u00e3o cultural, um show de Ranniery Gomes. Essa foi a segunda edi\u00e7\u00e3o da Corrida Pela Vida. A primeira ocorreu em Jo\u00e3o Pessoa, em 2023. Em junho, est\u00e1 programada a 3\u00aa Corrida Pela Vida, que ocorrer\u00e1\u00a0 em Patos. Em novembro, ocorrer\u00e1 a segunda edi\u00e7\u00e3o em Jo\u00e3o Pessoa.<\/p>\n<p>Al\u00e9m de incentivar as doa\u00e7\u00f5es de sangue, a corrida tamb\u00e9m estimula outra forma de solidariedade. Na entrega dos kits da corrida foram arrecadadas mais de 2 toneladas de alimentos, que ser\u00e3o doados para institui\u00e7\u00f5es de obras sociais de Campina Grande<\/p>\n","protected":false},"excerpt":{"rendered":"<p>A 2\u00aa Corrida Pela Vida ocorreu neste domingo (14), em Campina Grande, com percursos de 3 km, 5 km e 10 km. A iniciativa contou com 1.200 inscritos e doa\u00e7\u00f5es de sangue. A a\u00e7\u00e3o, que visa promover a vida por meio da doa\u00e7\u00e3o de sangue, foi promovida pelo Governo da Para\u00edba, por meio da Secretaria &hellip;<\/p>\n","protected":false},"author":1,"featured_media":116741,"comment_status":"open","ping_status":"open","sticky":false,"template":"","format":"standard","meta":{"footnotes":""},"categories":[3],"tags":[],"class_list":["post-121767","post","type-post","status-publish","format-standard","has-post-thumbnail","hentry","category-nordeste"],"_links":{"self":[{"href":"https:\/\/iparaiba.com.br\/index.php\/wp-json\/wp\/v2\/posts\/121767","targetHints":{"allow":["GET"]}}],"collection":[{"href":"https:\/\/iparaiba.com.br\/index.php\/wp-json\/wp\/v2\/posts"}],"about":[{"href":"https:\/\/iparaiba.com.br\/index.php\/wp-json\/wp\/v2\/types\/post"}],"author":[{"embeddable":true,"href":"https:\/\/iparaiba.com.br\/index.php\/wp-json\/wp\/v2\/users\/1"}],"replies":[{"embeddable":true,"href":"https:\/\/iparaiba.com.br\/index.php\/wp-json\/wp\/v2\/comments?post=121767"}],"version-history":[{"count":1,"href":"https:\/\/iparaiba.com.br\/index.php\/wp-json\/wp\/v2\/posts\/121767\/revisions"}],"predecessor-version":[{"id":121782,"href":"https:\/\/iparaiba.com.br\/index.php\/wp-json\/wp\/v2\/posts\/121767\/revisions\/121782"}],"wp:featuredmedia":[{"embeddable":true,"href":"https:\/\/iparaiba.com.br\/index.php\/wp-json\/wp\/v2\/media\/116741"}],"wp:attachment":[{"href":"https:\/\/iparaiba.com.br\/index.php\/wp-json\/wp\/v2\/media?parent=121767"}],"wp:term":[{"taxonomy":"category","embeddable":true,"href":"https:\/\/iparaiba.com.br\/index.php\/wp-json\/wp\/v2\/categories?post=121767"},{"taxonomy":"post_tag","embeddable":true,"href":"https:\/\/iparaiba.com.br\/index.php\/wp-json\/wp\/v2\/tags?post=121767"}],"curies":[{"name":"wp","href":"https:\/\/api.w.org\/{rel}","templated":true}]}}