{"id":121758,"date":"2024-04-16T08:00:51","date_gmt":"2024-04-16T11:00:51","guid":{"rendered":"https:\/\/onordeste.com.br\/?p=121757"},"modified":"2024-04-16T08:00:51","modified_gmt":"2024-04-16T11:00:51","slug":"policia-prende-investigado-por-roubos-na-orla-de-joao-pessoa","status":"publish","type":"post","link":"https:\/\/iparaiba.com.br\/index.php\/2024\/04\/16\/policia-prende-investigado-por-roubos-na-orla-de-joao-pessoa\/","title":{"rendered":"Pol\u00edcia prende investigado por roubos na orla de Jo\u00e3o Pessoa"},"content":{"rendered":"<p dir=\"ltr\">Ochefe de um grupo criminoso que estava cometendo roubos na \u00e1rea litor\u00e2nea de Jo\u00e3o Pessoa foi preso pela Pol\u00edcia Civil da Para\u00edba, nessa sexta-feira, 12 de abril, durante opera\u00e7\u00e3o da Delegacia de Crimes Contra o Patrim\u00f4nio (DCCPAT), do Grupo T\u00e1tico Especial (GTE) de Esperan\u00e7a e da Unintelpol.<\/p>\n<p dir=\"ltr\">A pris\u00e3o aconteceu no Centro da cidade de Esperan\u00e7a, onde o alvo mora. De acordo com as investiga\u00e7\u00f5es, em um dos crimes ele conseguiu roubar pertences de um casal de empres\u00e1rios avaliados em R$ 150 mil. O caso aconteceu em outubro de 2023, no bairro do Bessa, na capital paraibana.<\/p>\n<p dir=\"ltr\">Levantamentos da DCCPAT apontam que o homem preso, de iniciais T.N.F.S., 31 anos, atua como mandante desses crimes e, por vezes, ele mesmo comete os roubos, como no do Bessa, que foi registrado por c\u00e2meras de seguran\u00e7a.<\/p>\n<p dir=\"ltr\">Ele foi preso por for\u00e7a de mandado de pris\u00e3o expedido pela 1\u00aa Vara Criminal de Jo\u00e3o Pessoa, com base nas investiga\u00e7\u00f5es da Pol\u00edcia Civil.<\/p>\n","protected":false},"excerpt":{"rendered":"<p>Ochefe de um grupo criminoso que estava cometendo roubos na \u00e1rea litor\u00e2nea de Jo\u00e3o Pessoa foi preso pela Pol\u00edcia Civil da Para\u00edba, nessa sexta-feira, 12 de abril, durante opera\u00e7\u00e3o da Delegacia de Crimes Contra o Patrim\u00f4nio (DCCPAT), do Grupo T\u00e1tico Especial (GTE) de Esperan\u00e7a e da Unintelpol. A pris\u00e3o aconteceu no Centro da cidade de &hellip;<\/p>\n","protected":false},"author":1,"featured_media":98483,"comment_status":"open","ping_status":"open","sticky":false,"template":"","format":"standard","meta":{"footnotes":""},"categories":[13],"tags":[],"class_list":["post-121758","post","type-post","status-publish","format-standard","has-post-thumbnail","hentry","category-policial"],"_links":{"self":[{"href":"https:\/\/iparaiba.com.br\/index.php\/wp-json\/wp\/v2\/posts\/121758","targetHints":{"allow":["GET"]}}],"collection":[{"href":"https:\/\/iparaiba.com.br\/index.php\/wp-json\/wp\/v2\/posts"}],"about":[{"href":"https:\/\/iparaiba.com.br\/index.php\/wp-json\/wp\/v2\/types\/post"}],"author":[{"embeddable":true,"href":"https:\/\/iparaiba.com.br\/index.php\/wp-json\/wp\/v2\/users\/1"}],"replies":[{"embeddable":true,"href":"https:\/\/iparaiba.com.br\/index.php\/wp-json\/wp\/v2\/comments?post=121758"}],"version-history":[{"count":1,"href":"https:\/\/iparaiba.com.br\/index.php\/wp-json\/wp\/v2\/posts\/121758\/revisions"}],"predecessor-version":[{"id":121777,"href":"https:\/\/iparaiba.com.br\/index.php\/wp-json\/wp\/v2\/posts\/121758\/revisions\/121777"}],"wp:featuredmedia":[{"embeddable":true,"href":"https:\/\/iparaiba.com.br\/index.php\/wp-json\/wp\/v2\/media\/98483"}],"wp:attachment":[{"href":"https:\/\/iparaiba.com.br\/index.php\/wp-json\/wp\/v2\/media?parent=121758"}],"wp:term":[{"taxonomy":"category","embeddable":true,"href":"https:\/\/iparaiba.com.br\/index.php\/wp-json\/wp\/v2\/categories?post=121758"},{"taxonomy":"post_tag","embeddable":true,"href":"https:\/\/iparaiba.com.br\/index.php\/wp-json\/wp\/v2\/tags?post=121758"}],"curies":[{"name":"wp","href":"https:\/\/api.w.org\/{rel}","templated":true}]}}