{"id":121756,"date":"2024-04-15T19:15:58","date_gmt":"2024-04-15T22:15:58","guid":{"rendered":"https:\/\/onordeste.com.br\/?p=121753"},"modified":"2024-04-15T19:15:58","modified_gmt":"2024-04-15T22:15:58","slug":"tre-amplia-horario-para-atendimento-a-eleitores","status":"publish","type":"post","link":"https:\/\/iparaiba.com.br\/index.php\/2024\/04\/15\/tre-amplia-horario-para-atendimento-a-eleitores\/","title":{"rendered":"TRE amplia hor\u00e1rio para atendimento a eleitores"},"content":{"rendered":"<p>O Tribunal Regional Eleitoral da Para\u00edba ampliou, a partir desta segunda-feira (15), o hor\u00e1rio de atendimento aos eleitores na Cenatel, na avenida Odon Bezerra, 309, em Jo\u00e3o Pessoa.<\/p>\n<p>O hor\u00e1rio especial, das 8h \u00e0s 19h, se estender\u00e1 at\u00e9 a pr\u00f3xima sexta-feira (19).<\/p>\n<p>Ser\u00e3o oferecidos diversos servi\u00e7os, como alistamento eleitoral, cadastramento biom\u00e9trico, regulariza\u00e7\u00e3o, transfer\u00eancia de domic\u00edlio, entre outros.<\/p>\n<p><strong>MaisPB<\/strong><\/p>\n","protected":false},"excerpt":{"rendered":"<p>O Tribunal Regional Eleitoral da Para\u00edba ampliou, a partir desta segunda-feira (15), o hor\u00e1rio de atendimento aos eleitores na Cenatel, na avenida Odon Bezerra, 309, em Jo\u00e3o Pessoa. O hor\u00e1rio especial, das 8h \u00e0s 19h, se estender\u00e1 at\u00e9 a pr\u00f3xima sexta-feira (19). Ser\u00e3o oferecidos diversos servi\u00e7os, como alistamento eleitoral, cadastramento biom\u00e9trico, regulariza\u00e7\u00e3o, transfer\u00eancia de domic\u00edlio, &hellip;<\/p>\n","protected":false},"author":1,"featured_media":98615,"comment_status":"open","ping_status":"open","sticky":false,"template":"","format":"standard","meta":{"footnotes":""},"categories":[8],"tags":[],"class_list":["post-121756","post","type-post","status-publish","format-standard","has-post-thumbnail","hentry","category-politica"],"_links":{"self":[{"href":"https:\/\/iparaiba.com.br\/index.php\/wp-json\/wp\/v2\/posts\/121756","targetHints":{"allow":["GET"]}}],"collection":[{"href":"https:\/\/iparaiba.com.br\/index.php\/wp-json\/wp\/v2\/posts"}],"about":[{"href":"https:\/\/iparaiba.com.br\/index.php\/wp-json\/wp\/v2\/types\/post"}],"author":[{"embeddable":true,"href":"https:\/\/iparaiba.com.br\/index.php\/wp-json\/wp\/v2\/users\/1"}],"replies":[{"embeddable":true,"href":"https:\/\/iparaiba.com.br\/index.php\/wp-json\/wp\/v2\/comments?post=121756"}],"version-history":[{"count":1,"href":"https:\/\/iparaiba.com.br\/index.php\/wp-json\/wp\/v2\/posts\/121756\/revisions"}],"predecessor-version":[{"id":121775,"href":"https:\/\/iparaiba.com.br\/index.php\/wp-json\/wp\/v2\/posts\/121756\/revisions\/121775"}],"wp:featuredmedia":[{"embeddable":true,"href":"https:\/\/iparaiba.com.br\/index.php\/wp-json\/wp\/v2\/media\/98615"}],"wp:attachment":[{"href":"https:\/\/iparaiba.com.br\/index.php\/wp-json\/wp\/v2\/media?parent=121756"}],"wp:term":[{"taxonomy":"category","embeddable":true,"href":"https:\/\/iparaiba.com.br\/index.php\/wp-json\/wp\/v2\/categories?post=121756"},{"taxonomy":"post_tag","embeddable":true,"href":"https:\/\/iparaiba.com.br\/index.php\/wp-json\/wp\/v2\/tags?post=121756"}],"curies":[{"name":"wp","href":"https:\/\/api.w.org\/{rel}","templated":true}]}}