{"id":121745,"date":"2024-04-08T13:57:10","date_gmt":"2024-04-08T16:57:10","guid":{"rendered":"https:\/\/onordeste.com.br\/?p=121724"},"modified":"2024-04-08T13:57:10","modified_gmt":"2024-04-08T16:57:10","slug":"cfo-e-favoravel-a-entrada-alternativa-para-portas-com-detector-de-metais","status":"publish","type":"post","link":"https:\/\/iparaiba.com.br\/index.php\/2024\/04\/08\/cfo-e-favoravel-a-entrada-alternativa-para-portas-com-detector-de-metais\/","title":{"rendered":"CFO \u00e9 favor\u00e1vel \u00e0 entrada alternativa para portas com detector de metais"},"content":{"rendered":"<p style=\"font-weight: 400;\">\u00a0A Comiss\u00e3o de Finan\u00e7as, Or\u00e7amento, Obras e Administra\u00e7\u00e3o P\u00fablica (CFO) aprovou o acesso alternativo \u00e0s portas com detector de metais para portadores de marca-passo e pessoas com defici\u00eancia. O colegiado aprovou quatro Projetos de Lei Ordin\u00e1ria (PLO) no encontro.<\/p>\n<p style=\"font-weight: 400;\">O PLO , de Odon Bezerra (PSB), que foi acatado, assegura \u00e0s pessoas com impedimento de natureza f\u00edsica, mental, intelectual ou sensorial, inclusive os decorrentes do uso de \u00f3rteses, pr\u00f3teses, marca-passo e implantes, o direito de receberem atendimento diferenciado e de serem submetidas a medidas alternativas de inspe\u00e7\u00e3o para o acesso a locais sujeitos a controle de seguran\u00e7a, em conformidade com as determina\u00e7\u00f5es previstas em regulamento. O direito assegurado ser\u00e1 exercido mediante apresenta\u00e7\u00e3o de relat\u00f3rio, laudo ou atestado m\u00e9dico. Ainda fica estabelecido que o usu\u00e1rio de aparelho de marca-passo que comprove essa condi\u00e7\u00e3o n\u00e3o poder\u00e1 ser constrangido a passar por portais, portas e outros equipamentos estacion\u00e1rios de detec\u00e7\u00e3o de metais que empreguem radia\u00e7\u00e3o eletromagn\u00e9tica.<\/p>\n<p style=\"font-weight: 400;\"><a href=\"https:\/\/sapl.joaopessoa.pb.leg.br\/materia\/pesquisar-materia?tipo=1&amp;ementa=&amp;numero=1363&amp;numeracao__numero_materia=&amp;numero_protocolo=&amp;ano=2023&amp;autoria__autor=&amp;autoria__primeiro_autor=unknown&amp;autoria__autor__tipo=&amp;autoria__autor__parlamentar_set__filiacao__pa\" data-saferedirecturl=\"https:\/\/www.google.com\/url?q=https:\/\/sapl.joaopessoa.pb.leg.br\/materia\/pesquisar-materia?tipo%3D1%26ementa%3D%26numero%3D1363%26numeracao__numero_materia%3D%26numero_protocolo%3D%26ano%3D2023%26autoria__autor%3D%26autoria__primeiro_autor%3Dunknown%26autoria__autor__tipo%3D%26autoria__autor__parlamentar_set__filiacao__pa&amp;source=gmail&amp;ust=1712692272044000&amp;usg=AOvVaw1xSr1RjvF9vnDiYi0zaDPZ\">1363\/2023<\/a><\/p>\n<p style=\"font-weight: 400;\">Tamb\u00e9m recebeu parecer favor\u00e1vel\u00a0o PLO\u00a0<a href=\"https:\/\/sapl.joaopessoa.pb.leg.br\/materia\/pesquisar-materia?tipo=1&amp;ementa=&amp;numero=1738&amp;numeracao__numero_materia=&amp;numero_protocolo=&amp;ano=2023&amp;autoria__autor=&amp;autoria__primeiro_autor=unknown&amp;autoria__autor__tipo=&amp;autoria__autor__parlamentar_set__filiacao__pa\" data-saferedirecturl=\"https:\/\/www.google.com\/url?q=https:\/\/sapl.joaopessoa.pb.leg.br\/materia\/pesquisar-materia?tipo%3D1%26ementa%3D%26numero%3D1738%26numeracao__numero_materia%3D%26numero_protocolo%3D%26ano%3D2023%26autoria__autor%3D%26autoria__primeiro_autor%3Dunknown%26autoria__autor__tipo%3D%26autoria__autor__parlamentar_set__filiacao__pa&amp;source=gmail&amp;ust=1712692272044000&amp;usg=AOvVaw3EuK_8_QutoWEO-tWHPikO\">1738\/2023<\/a><\/p>\n<p><span style=\"font-weight: 400;\">, de Zezinho Botafogo (PSB), que institui o programa \u2018Tardezinha Inclusiva\u2019 com o objetivo de promover a inclus\u00e3o social por meio das artes, proporcionando oportunidades de participa\u00e7\u00e3o e desenvolvimento art\u00edstico a pessoas com defici\u00eancia e em situa\u00e7\u00e3o de vulnerabilidade social. O programa consistir\u00e1 em uma s\u00e9rie de atividades e eventos art\u00edsticos, culturais e educacionais, destinados a pessoas com defici\u00eancia e seus familiares, bem como a indiv\u00edduos em situa\u00e7\u00e3o de vulnerabilidade social.<\/span><\/p>\n<p style=\"font-weight: 400;\">Ainda foram acatados dois PLOs de autoria do Executivo Municipal: o PLO\u00a0<a href=\"https:\/\/sapl.joaopessoa.pb.leg.br\/media\/sapl\/public\/materialegislativa\/2024\/172994\/mensagem_013_-_plo_-_abertura_de_credito_especial_-_cmjp_-_r_1.500.00000.pdf\" data-saferedirecturl=\"https:\/\/www.google.com\/url?q=https:\/\/sapl.joaopessoa.pb.leg.br\/media\/sapl\/public\/materialegislativa\/2024\/172994\/mensagem_013_-_plo_-_abertura_de_credito_especial_-_cmjp_-_r_1.500.00000.pdf&amp;source=gmail&amp;ust=1712692272044000&amp;usg=AOvVaw2A8tk_l0rl23MgdwMRLcbm\">2.017\/2024<\/a>, que abre cr\u00e9dito especial na CMJP\/ Fundo Especial da C\u00e2mara Municipal, no valor de R$ 1,5 milh\u00e3o; e o PLO\u00a0<a href=\"https:\/\/sapl.joaopessoa.pb.leg.br\/media\/sapl\/public\/materialegislativa\/2024\/172996\/mensagem_015_-_plo_-_realocacao_orcamentaria_-_sedes_-_r_216.20800.pdf\" data-saferedirecturl=\"https:\/\/www.google.com\/url?q=https:\/\/sapl.joaopessoa.pb.leg.br\/media\/sapl\/public\/materialegislativa\/2024\/172996\/mensagem_015_-_plo_-_realocacao_orcamentaria_-_sedes_-_r_216.20800.pdf&amp;source=gmail&amp;ust=1712692272044000&amp;usg=AOvVaw1dLXusep2cOg4ZJhDZXMtv\">2.019\/2024<\/a> <span style=\"font-weight: 400;\">com realoca\u00e7\u00e3o de dota\u00e7\u00e3o or\u00e7ament\u00e1ria na Secretaria de Desenvolvimento Social, no valor de R$ 216.208,00.<br \/>\nCMJP<\/span><\/p>\n","protected":false},"excerpt":{"rendered":"<p>\u00a0A Comiss\u00e3o de Finan\u00e7as, Or\u00e7amento, Obras e Administra\u00e7\u00e3o P\u00fablica (CFO) aprovou o acesso alternativo \u00e0s portas com detector de metais para portadores de marca-passo e pessoas com defici\u00eancia. O colegiado aprovou quatro Projetos de Lei Ordin\u00e1ria (PLO) no encontro. O PLO , de Odon Bezerra (PSB), que foi acatado, assegura \u00e0s pessoas com impedimento de &hellip;<\/p>\n","protected":false},"author":1,"featured_media":109043,"comment_status":"open","ping_status":"open","sticky":false,"template":"","format":"standard","meta":{"footnotes":""},"categories":[13],"tags":[],"class_list":["post-121745","post","type-post","status-publish","format-standard","has-post-thumbnail","hentry","category-policial"],"_links":{"self":[{"href":"https:\/\/iparaiba.com.br\/index.php\/wp-json\/wp\/v2\/posts\/121745","targetHints":{"allow":["GET"]}}],"collection":[{"href":"https:\/\/iparaiba.com.br\/index.php\/wp-json\/wp\/v2\/posts"}],"about":[{"href":"https:\/\/iparaiba.com.br\/index.php\/wp-json\/wp\/v2\/types\/post"}],"author":[{"embeddable":true,"href":"https:\/\/iparaiba.com.br\/index.php\/wp-json\/wp\/v2\/users\/1"}],"replies":[{"embeddable":true,"href":"https:\/\/iparaiba.com.br\/index.php\/wp-json\/wp\/v2\/comments?post=121745"}],"version-history":[{"count":0,"href":"https:\/\/iparaiba.com.br\/index.php\/wp-json\/wp\/v2\/posts\/121745\/revisions"}],"wp:featuredmedia":[{"embeddable":true,"href":"https:\/\/iparaiba.com.br\/index.php\/wp-json\/wp\/v2\/media\/109043"}],"wp:attachment":[{"href":"https:\/\/iparaiba.com.br\/index.php\/wp-json\/wp\/v2\/media?parent=121745"}],"wp:term":[{"taxonomy":"category","embeddable":true,"href":"https:\/\/iparaiba.com.br\/index.php\/wp-json\/wp\/v2\/categories?post=121745"},{"taxonomy":"post_tag","embeddable":true,"href":"https:\/\/iparaiba.com.br\/index.php\/wp-json\/wp\/v2\/tags?post=121745"}],"curies":[{"name":"wp","href":"https:\/\/api.w.org\/{rel}","templated":true}]}}