{"id":121744,"date":"2024-04-08T16:56:51","date_gmt":"2024-04-08T19:56:51","guid":{"rendered":"https:\/\/onordeste.com.br\/?p=121722"},"modified":"2024-04-08T16:56:51","modified_gmt":"2024-04-08T19:56:51","slug":"cmjp-assina-criacao-de-parque-ecologico-intermunicipal","status":"publish","type":"post","link":"https:\/\/iparaiba.com.br\/index.php\/2024\/04\/08\/cmjp-assina-criacao-de-parque-ecologico-intermunicipal\/","title":{"rendered":"CMJP assina cria\u00e7\u00e3o de Parque Ecol\u00f3gico Intermunicipal"},"content":{"rendered":"<p align=\"justify\">A C\u00e2mara Municipal de Jo\u00e3o Pessoa (CMJP) assinou a doa\u00e7\u00e3o do pr\u00e9dio do Instituto C\u00e2ndida Vargas (ICV) e o protocolo de inten\u00e7\u00f5es para cria\u00e7\u00e3o do Parque Ecol\u00f3gico Intermunicipal entre Jo\u00e3o Pessoa e Cabedelo. As assinaturas aconteceram durante a VII Caravana Federativa, que pela primeira vez ocorreu na Para\u00edba, no Centro de Conven\u00e7\u00f5es da Capital.<\/p>\n<p align=\"justify\">\u201cA C\u00e2mara Municipal, junto com os prefeitos de Jo\u00e3o Pessoa e Cabedelo, C\u00edcero Lucena e V\u00edtor Hugo, e a Secretaria de Patrim\u00f4nio da Uni\u00e3o (SPU), assina um grande pacto de investimentos, para trazer melhorias para a popula\u00e7\u00e3o das duas cidades\u201d, comemorou o presidente da CMJP, Dinho (PSD), explicando que a \u00e1rea cedida para cria\u00e7\u00e3o do Parque Ecol\u00f3gico Intermunicipal fica na divisa entre o Bessa e Intermares.<\/p>\n<p align=\"justify\">O superintendente da SPU, Giovanni Marinho, afirmou que ap\u00f3s a assinatura desse protocolo de inten\u00e7\u00f5es, a \u00e1rea ser\u00e1 demarcada e georreferenciada, e os projetos de cria\u00e7\u00e3o do Parque Ecol\u00f3gico ser\u00e3o enviados para aprova\u00e7\u00e3o das c\u00e2maras dos dois munic\u00edpios. \u201cA cria\u00e7\u00e3o do Parque \u00e9 uma vit\u00f3ria ambiental enorme para as duas cidades, que entram na rota dos munic\u00edpios que protegem \u00e1reas de mangue. \u00c9 uma cess\u00e3o futurista, para as futuras gera\u00e7\u00f5es\u201d, avaliou.<\/p>\n<p align=\"justify\">O Secret\u00e1rio de Meio Ambiente de Jo\u00e3o Pessoa, Welison Silveira, destacou a import\u00e2ncia de preserva\u00e7\u00e3o dessa \u00e1rea. \u201cA gente fala muito da Amaz\u00f4nia, da Mata Atl\u00e2ntica, mas \u00e9 importante pensar tamb\u00e9m nos outros biomas. Nesse caso, estamos falando de uma \u00e1rea de mangue, que \u00e9 ber\u00e7o natural, bioma importante de nossa cidade e de Cabedelo. A preserva\u00e7\u00e3o dessa \u00e1rea \u00e9 extremamente importante, n\u00e3o s\u00f3 para o meio ambiente, mas tamb\u00e9m para as pessoas. N\u00f3s temos uma comunidade que mora no entorno, que tamb\u00e9m passa a ser contemplada com processos de educa\u00e7\u00e3o ambiental. A \u00e1rea vai ser restrita, vamos ter estudos de preserva\u00e7\u00e3o, planos de mitiga\u00e7\u00e3o, planos de uso, para que essa regi\u00e3o seja melhor preservada e utilizada, garantindo assim que ela permane\u00e7a para as pr\u00f3ximas gera\u00e7\u00f5es\u201d, explicou o secret\u00e1rio.<br \/>\nCMJP<\/p>\n","protected":false},"excerpt":{"rendered":"<p>A C\u00e2mara Municipal de Jo\u00e3o Pessoa (CMJP) assinou a doa\u00e7\u00e3o do pr\u00e9dio do Instituto C\u00e2ndida Vargas (ICV) e o protocolo de inten\u00e7\u00f5es para cria\u00e7\u00e3o do Parque Ecol\u00f3gico Intermunicipal entre Jo\u00e3o Pessoa e Cabedelo. As assinaturas aconteceram durante a VII Caravana Federativa, que pela primeira vez ocorreu na Para\u00edba, no Centro de Conven\u00e7\u00f5es da Capital. \u201cA &hellip;<\/p>\n","protected":false},"author":1,"featured_media":115387,"comment_status":"open","ping_status":"open","sticky":false,"template":"","format":"standard","meta":{"footnotes":""},"categories":[6],"tags":[],"class_list":["post-121744","post","type-post","status-publish","format-standard","has-post-thumbnail","hentry","category-destaques"],"_links":{"self":[{"href":"https:\/\/iparaiba.com.br\/index.php\/wp-json\/wp\/v2\/posts\/121744","targetHints":{"allow":["GET"]}}],"collection":[{"href":"https:\/\/iparaiba.com.br\/index.php\/wp-json\/wp\/v2\/posts"}],"about":[{"href":"https:\/\/iparaiba.com.br\/index.php\/wp-json\/wp\/v2\/types\/post"}],"author":[{"embeddable":true,"href":"https:\/\/iparaiba.com.br\/index.php\/wp-json\/wp\/v2\/users\/1"}],"replies":[{"embeddable":true,"href":"https:\/\/iparaiba.com.br\/index.php\/wp-json\/wp\/v2\/comments?post=121744"}],"version-history":[{"count":0,"href":"https:\/\/iparaiba.com.br\/index.php\/wp-json\/wp\/v2\/posts\/121744\/revisions"}],"wp:featuredmedia":[{"embeddable":true,"href":"https:\/\/iparaiba.com.br\/index.php\/wp-json\/wp\/v2\/media\/115387"}],"wp:attachment":[{"href":"https:\/\/iparaiba.com.br\/index.php\/wp-json\/wp\/v2\/media?parent=121744"}],"wp:term":[{"taxonomy":"category","embeddable":true,"href":"https:\/\/iparaiba.com.br\/index.php\/wp-json\/wp\/v2\/categories?post=121744"},{"taxonomy":"post_tag","embeddable":true,"href":"https:\/\/iparaiba.com.br\/index.php\/wp-json\/wp\/v2\/tags?post=121744"}],"curies":[{"name":"wp","href":"https:\/\/api.w.org\/{rel}","templated":true}]}}