{"id":121742,"date":"2024-04-08T16:53:32","date_gmt":"2024-04-08T19:53:32","guid":{"rendered":"https:\/\/onordeste.com.br\/?p=121718"},"modified":"2024-04-08T16:53:32","modified_gmt":"2024-04-08T19:53:32","slug":"ccj-e-favoravel-ao-programa-universitario-legislativo","status":"publish","type":"post","link":"https:\/\/iparaiba.com.br\/index.php\/2024\/04\/08\/ccj-e-favoravel-ao-programa-universitario-legislativo\/","title":{"rendered":"CCJ \u00e9 favor\u00e1vel ao \u2018Programa Universit\u00e1rio Legislativo\u2019"},"content":{"rendered":"<p>A Comiss\u00e3o de Constitui\u00e7\u00e3o, Justi\u00e7a, Reda\u00e7\u00e3o e Legisla\u00e7\u00e3o Participativa (CCJ), da C\u00e2mara Municipal de Jo\u00e3o Pessoa (CMJP), foi favor\u00e1vel ao \u2018Programa Universit\u00e1rio Legislativo\u2019 para visitas guiadas de alunos de Direito ao Poder Legislativo da Capital. Ao todo, o colegiado aprovou cinco Projetos de Lei Ordin\u00e1ria (PLO), um Projeto de Decreto Legislativo (PDL) e um Requerimento. Ainda foram rejeitados seis PLOs.<\/p>\n<p>O PLO\u00a0<a href=\"https:\/\/sapl.joaopessoa.pb.leg.br\/materia\/pesquisar-materia?tipo=1&amp;ementa=&amp;numero=2007&amp;numeracao__numero_materia=&amp;numero_protocolo=&amp;ano=2024&amp;autoria__autor=&amp;autoria__primeiro_autor=unknown&amp;autoria__autor__tipo=&amp;autoria__autor__parlamentar_set__filiacao__pa\" target=\"_blank\" rel=\"noopener\" data-saferedirecturl=\"https:\/\/www.google.com\/url?q=https:\/\/sapl.joaopessoa.pb.leg.br\/materia\/pesquisar-materia?tipo%3D1%26ementa%3D%26numero%3D2007%26numeracao__numero_materia%3D%26numero_protocolo%3D%26ano%3D2024%26autoria__autor%3D%26autoria__primeiro_autor%3Dunknown%26autoria__autor__tipo%3D%26autoria__autor__parlamentar_set__filiacao__pa&amp;source=gmail&amp;ust=1712692263923000&amp;usg=AOvVaw04ii_Og8FNoFq4EkvzogOY\">2007\/2024<\/a>, de autoria de Dam\u00e1sio Franca (PP), cria, no \u00e2mbito do Munic\u00edpio de Jo\u00e3o Pessoa, o \u2018Programa Universit\u00e1rio Legislativo\u2019 de modo a permitir que alunos matriculados no Curso de Direito possam, mediante agendamento pr\u00e9vio, realizar visitas monitoradas, acompanhadas de seus professores, para conhecer o funcionamento do Poder Legislativo Municipal. O programa poder\u00e1 se estender ao Poder Executivo, desde que haja pr\u00e9via anu\u00eancia e agendamento. Estudantes do ensino superior de outros cursos tamb\u00e9m poder\u00e3o participar do Programa Universit\u00e1rio Legislativo, desde que haja uma solicita\u00e7\u00e3o expressa, assim como estudantes de ensino m\u00e9dio e fundamental, com visitas monitoradas por professores e respons\u00e1veis, no caso dos menores de idade, em grupos de alunos que estejam cursando o mesmo ano letivo.<\/p>\n<p>Outros dois projetos de autoria dos vereadores foram acatados: o PLO\u00a0<a href=\"https:\/\/sapl.joaopessoa.pb.leg.br\/materia\/pesquisar-materia?tipo=1&amp;ementa=&amp;numero=1955&amp;numeracao__numero_materia=&amp;numero_protocolo=&amp;ano=2024&amp;autoria__autor=&amp;autoria__primeiro_autor=unknown&amp;autoria__autor__tipo=&amp;autoria__autor__parlamentar_set__filiacao__pa\" target=\"_blank\" rel=\"noopener\" data-saferedirecturl=\"https:\/\/www.google.com\/url?q=https:\/\/sapl.joaopessoa.pb.leg.br\/materia\/pesquisar-materia?tipo%3D1%26ementa%3D%26numero%3D1955%26numeracao__numero_materia%3D%26numero_protocolo%3D%26ano%3D2024%26autoria__autor%3D%26autoria__primeiro_autor%3Dunknown%26autoria__autor__tipo%3D%26autoria__autor__parlamentar_set__filiacao__pa&amp;source=gmail&amp;ust=1712692263923000&amp;usg=AOvVaw23Gb1H2NcUlTzEUSM061pg\">1955\/2024<\/a>, de Zezinho Botafogo (PSB), que reconhece a obra do m\u00fasico, cantor, compositor, poeta e jornalista Livardo Alves como patrim\u00f4nio cultural de natureza imaterial do Munic\u00edpio de Jo\u00e3o Pessoa; e o PLO\u00a0<a href=\"https:\/\/sapl.joaopessoa.pb.leg.br\/materia\/pesquisar-materia?tipo=1&amp;ementa=&amp;numero=1994&amp;numeracao__numero_materia=&amp;numero_protocolo=&amp;ano=2024&amp;autoria__autor=&amp;autoria__primeiro_autor=unknown&amp;autoria__autor__tipo=&amp;autoria__autor__parlamentar_set__filiacao__pa\" target=\"_blank\" rel=\"noopener\" data-saferedirecturl=\"https:\/\/www.google.com\/url?q=https:\/\/sapl.joaopessoa.pb.leg.br\/materia\/pesquisar-materia?tipo%3D1%26ementa%3D%26numero%3D1994%26numeracao__numero_materia%3D%26numero_protocolo%3D%26ano%3D2024%26autoria__autor%3D%26autoria__primeiro_autor%3Dunknown%26autoria__autor__tipo%3D%26autoria__autor__parlamentar_set__filiacao__pa&amp;source=gmail&amp;ust=1712692263923000&amp;usg=AOvVaw09e3ZPNQMkMe4biOOvzkHi\">1994\/2024<\/a>, do Bispo Jos\u00e9 Luiz (Republicanos), que disp\u00f5e sobre o Programa de Acolhimento \u00e0s Mulheres no P\u00f3s Parto (Puerp\u00e9rio), sendo considerado puerp\u00e9rio o per\u00edodo de 45 a 60 dias ap\u00f3s o parto.<\/p>\n<p>O colegiado tamb\u00e9m foi favor\u00e1vel a dois projetos de autoria do Executivo Municipal: o PLO\u00a0<a href=\"https:\/\/sapl.joaopessoa.pb.leg.br\/materia\/pesquisar-materia?tipo=1&amp;ementa=&amp;numero=2031&amp;numeracao__numero_materia=&amp;numero_protocolo=&amp;ano=2024&amp;autoria__autor=&amp;autoria__primeiro_autor=unknown&amp;autoria__autor__tipo=&amp;autoria__autor__parlamentar_set__filiacao__pa\" target=\"_blank\" rel=\"noopener\" data-saferedirecturl=\"https:\/\/www.google.com\/url?q=https:\/\/sapl.joaopessoa.pb.leg.br\/materia\/pesquisar-materia?tipo%3D1%26ementa%3D%26numero%3D2031%26numeracao__numero_materia%3D%26numero_protocolo%3D%26ano%3D2024%26autoria__autor%3D%26autoria__primeiro_autor%3Dunknown%26autoria__autor__tipo%3D%26autoria__autor__parlamentar_set__filiacao__pa&amp;source=gmail&amp;ust=1712692263923000&amp;usg=AOvVaw0-Nq8Imnd3I-7J_uyP9z_i\">2031\/2024<\/a>, autorizando a abertura de cr\u00e9dito especial para inclus\u00e3o de nova fonte de recurso na estrutura or\u00e7ament\u00e1ria da Secretaria da Administra\u00e7\u00e3o no valor de R$ 989.413,41; e o PLO\u00a0<a href=\"https:\/\/sapl.joaopessoa.pb.leg.br\/materia\/pesquisar-materia?tipo=1&amp;ementa=&amp;numero=2032&amp;numeracao__numero_materia=&amp;numero_protocolo=&amp;ano=2024&amp;autoria__autor=&amp;autoria__primeiro_autor=unknown&amp;autoria__autor__tipo=&amp;autoria__autor__parlamentar_set__filiacao__pa\" target=\"_blank\" rel=\"noopener\" data-saferedirecturl=\"https:\/\/www.google.com\/url?q=https:\/\/sapl.joaopessoa.pb.leg.br\/materia\/pesquisar-materia?tipo%3D1%26ementa%3D%26numero%3D2032%26numeracao__numero_materia%3D%26numero_protocolo%3D%26ano%3D2024%26autoria__autor%3D%26autoria__primeiro_autor%3Dunknown%26autoria__autor__tipo%3D%26autoria__autor__parlamentar_set__filiacao__pa&amp;source=gmail&amp;ust=1712692263923000&amp;usg=AOvVaw0NYTQwxrc5TopAwa35xyPm\">2032\/2024<\/a>, que disp\u00f5e sobre a inclus\u00e3o no Plano Plurianual e na Lei Or\u00e7ament\u00e1ria Anual de nova fonte de recursos na Funda\u00e7\u00e3o Cultural de Jo\u00e3o Pessoa, na Secretaria Municipal da Juventude, Esporte e Recrea\u00e7\u00e3o e na Secretaria de Direitos Humanos e Cidadania\/Fundo Municipal de Assist\u00eancia Social, sendo necess\u00e1ria a abertura de Cr\u00e9dito Especial no valor global de R$ 1,9 milh\u00e3o.<\/p>\n<p>Tamb\u00e9m foi acatado o Projeto de Decreto Legislativo (PDL)\u00a0<a href=\"https:\/\/sapl.joaopessoa.pb.leg.br\/materia\/pesquisar-materia?tipo=6&amp;ementa=&amp;numero=225&amp;numeracao__numero_materia=&amp;numero_protocolo=&amp;ano=2024&amp;autoria__autor=&amp;autoria__primeiro_autor=unknown&amp;autoria__autor__tipo=&amp;autoria__autor__parlamentar_set__filiacao__par\" target=\"_blank\" rel=\"noopener\" data-saferedirecturl=\"https:\/\/www.google.com\/url?q=https:\/\/sapl.joaopessoa.pb.leg.br\/materia\/pesquisar-materia?tipo%3D6%26ementa%3D%26numero%3D225%26numeracao__numero_materia%3D%26numero_protocolo%3D%26ano%3D2024%26autoria__autor%3D%26autoria__primeiro_autor%3Dunknown%26autoria__autor__tipo%3D%26autoria__autor__parlamentar_set__filiacao__par&amp;source=gmail&amp;ust=1712692263924000&amp;usg=AOvVaw1PzAUdcKFSqvvF4DZANzHh\">225\/2024<\/a>, de Marcelo da Torre (MDB), concedendo o T\u00edtulo de Cidad\u00e3o Pessoense ao advogado e empres\u00e1rio Leonardo Arruda de Freitas pelos relevantes servi\u00e7os e a\u00e7\u00f5es prestadas \u00e0 cidade de Jo\u00e3o Pessoa.<\/p>\n<p>Ainda foi acatado um Requerimento para realiza\u00e7\u00e3o de uma Sess\u00e3o Especial, no \u00e2mbito da CCJ, em 17 de abril, \u00e0s 14h30, para discutir pol\u00edticas p\u00fablicas de educa\u00e7\u00e3o, assist\u00eancia, inclusive de sa\u00fade, implementadas para o tratamento e diagn\u00f3stico precoce de pessoas com autismo.<br \/>\nCMJP<\/p>\n","protected":false},"excerpt":{"rendered":"<p>A Comiss\u00e3o de Constitui\u00e7\u00e3o, Justi\u00e7a, Reda\u00e7\u00e3o e Legisla\u00e7\u00e3o Participativa (CCJ), da C\u00e2mara Municipal de Jo\u00e3o Pessoa (CMJP), foi favor\u00e1vel ao \u2018Programa Universit\u00e1rio Legislativo\u2019 para visitas guiadas de alunos de Direito ao Poder Legislativo da Capital. Ao todo, o colegiado aprovou cinco Projetos de Lei Ordin\u00e1ria (PLO), um Projeto de Decreto Legislativo (PDL) e um Requerimento. &hellip;<\/p>\n","protected":false},"author":1,"featured_media":107681,"comment_status":"open","ping_status":"open","sticky":false,"template":"","format":"standard","meta":{"footnotes":""},"categories":[11],"tags":[],"class_list":["post-121742","post","type-post","status-publish","format-standard","has-post-thumbnail","hentry","category-educacao"],"_links":{"self":[{"href":"https:\/\/iparaiba.com.br\/index.php\/wp-json\/wp\/v2\/posts\/121742","targetHints":{"allow":["GET"]}}],"collection":[{"href":"https:\/\/iparaiba.com.br\/index.php\/wp-json\/wp\/v2\/posts"}],"about":[{"href":"https:\/\/iparaiba.com.br\/index.php\/wp-json\/wp\/v2\/types\/post"}],"author":[{"embeddable":true,"href":"https:\/\/iparaiba.com.br\/index.php\/wp-json\/wp\/v2\/users\/1"}],"replies":[{"embeddable":true,"href":"https:\/\/iparaiba.com.br\/index.php\/wp-json\/wp\/v2\/comments?post=121742"}],"version-history":[{"count":0,"href":"https:\/\/iparaiba.com.br\/index.php\/wp-json\/wp\/v2\/posts\/121742\/revisions"}],"wp:featuredmedia":[{"embeddable":true,"href":"https:\/\/iparaiba.com.br\/index.php\/wp-json\/wp\/v2\/media\/107681"}],"wp:attachment":[{"href":"https:\/\/iparaiba.com.br\/index.php\/wp-json\/wp\/v2\/media?parent=121742"}],"wp:term":[{"taxonomy":"category","embeddable":true,"href":"https:\/\/iparaiba.com.br\/index.php\/wp-json\/wp\/v2\/categories?post=121742"},{"taxonomy":"post_tag","embeddable":true,"href":"https:\/\/iparaiba.com.br\/index.php\/wp-json\/wp\/v2\/tags?post=121742"}],"curies":[{"name":"wp","href":"https:\/\/api.w.org\/{rel}","templated":true}]}}