{"id":121739,"date":"2024-04-09T16:05:36","date_gmt":"2024-04-09T19:05:36","guid":{"rendered":"https:\/\/onordeste.com.br\/?p=121734"},"modified":"2024-04-09T16:05:36","modified_gmt":"2024-04-09T19:05:36","slug":"preso-suspeito-por-porte-ilegal-de-arma-de-fogo-e-trafico-de-entorpecentes","status":"publish","type":"post","link":"https:\/\/iparaiba.com.br\/index.php\/2024\/04\/09\/preso-suspeito-por-porte-ilegal-de-arma-de-fogo-e-trafico-de-entorpecentes\/","title":{"rendered":"Preso suspeito por porte ilegal de arma de fogo e tr\u00e1fico de entorpecentes"},"content":{"rendered":"<p>A Pol\u00edcia Militar, na noite desta sexta-feira (05), prendeu em flagrante um homem pelos crimes de tr\u00e1fico de entorpecentes e porte ilegal de arma de fogo, em uma localidade chamada Rua do Meio, em Patos.<\/p>\n<p>Durante rondas e incurs\u00f5es, policiais militares do 3\u00b0 Esquadr\u00e3o de Opera\u00e7\u00f5es T\u00e1ticas com Apoio de Motocicletas (EOTAM) avistaram um grupo em atitude suspeita. Um dos indiv\u00edduos, ao perceber a presen\u00e7a da guarni\u00e7\u00e3o, tentou se desfazer de uma arma de fogo e adentrou em uma casa, mas foi alcan\u00e7ado e, ap\u00f3s buscas, foi apreendido um rev\u00f3lver calibre .38, com sete muni\u00e7\u00f5es, al\u00e9m de cinco por\u00e7\u00f5es de coca\u00edna, onze pedras de crack, embalagens pl\u00e1sticas para armazenamento de entorpecentes, uma caderneta com anota\u00e7\u00f5es e a quantia de R$ 785,00 (setecentos e oitenta e cinco reais).<\/p>\n<p>O suspeito, que j\u00e1 responde pelo crime de homic\u00eddio, foi conduzido e apresentado na Delegacia de Pol\u00edcia Civil, juntamente com todo material.<\/p>\n","protected":false},"excerpt":{"rendered":"<p>A Pol\u00edcia Militar, na noite desta sexta-feira (05), prendeu em flagrante um homem pelos crimes de tr\u00e1fico de entorpecentes e porte ilegal de arma de fogo, em uma localidade chamada Rua do Meio, em Patos. Durante rondas e incurs\u00f5es, policiais militares do 3\u00b0 Esquadr\u00e3o de Opera\u00e7\u00f5es T\u00e1ticas com Apoio de Motocicletas (EOTAM) avistaram um grupo &hellip;<\/p>\n","protected":false},"author":1,"featured_media":97510,"comment_status":"open","ping_status":"open","sticky":false,"template":"","format":"standard","meta":{"footnotes":""},"categories":[13],"tags":[],"class_list":["post-121739","post","type-post","status-publish","format-standard","has-post-thumbnail","hentry","category-policial"],"_links":{"self":[{"href":"https:\/\/iparaiba.com.br\/index.php\/wp-json\/wp\/v2\/posts\/121739","targetHints":{"allow":["GET"]}}],"collection":[{"href":"https:\/\/iparaiba.com.br\/index.php\/wp-json\/wp\/v2\/posts"}],"about":[{"href":"https:\/\/iparaiba.com.br\/index.php\/wp-json\/wp\/v2\/types\/post"}],"author":[{"embeddable":true,"href":"https:\/\/iparaiba.com.br\/index.php\/wp-json\/wp\/v2\/users\/1"}],"replies":[{"embeddable":true,"href":"https:\/\/iparaiba.com.br\/index.php\/wp-json\/wp\/v2\/comments?post=121739"}],"version-history":[{"count":1,"href":"https:\/\/iparaiba.com.br\/index.php\/wp-json\/wp\/v2\/posts\/121739\/revisions"}],"predecessor-version":[{"id":121750,"href":"https:\/\/iparaiba.com.br\/index.php\/wp-json\/wp\/v2\/posts\/121739\/revisions\/121750"}],"wp:featuredmedia":[{"embeddable":true,"href":"https:\/\/iparaiba.com.br\/index.php\/wp-json\/wp\/v2\/media\/97510"}],"wp:attachment":[{"href":"https:\/\/iparaiba.com.br\/index.php\/wp-json\/wp\/v2\/media?parent=121739"}],"wp:term":[{"taxonomy":"category","embeddable":true,"href":"https:\/\/iparaiba.com.br\/index.php\/wp-json\/wp\/v2\/categories?post=121739"},{"taxonomy":"post_tag","embeddable":true,"href":"https:\/\/iparaiba.com.br\/index.php\/wp-json\/wp\/v2\/tags?post=121739"}],"curies":[{"name":"wp","href":"https:\/\/api.w.org\/{rel}","templated":true}]}}