{"id":121735,"date":"2024-04-09T08:00:33","date_gmt":"2024-04-09T11:00:33","guid":{"rendered":"https:\/\/onordeste.com.br\/?p=121726"},"modified":"2024-04-09T08:00:33","modified_gmt":"2024-04-09T11:00:33","slug":"alpb-debate-servicos-de-oncologia-durante-audiencia-publica","status":"publish","type":"post","link":"https:\/\/iparaiba.com.br\/index.php\/2024\/04\/09\/alpb-debate-servicos-de-oncologia-durante-audiencia-publica\/","title":{"rendered":"ALPB debate servi\u00e7os de oncologia durante Audi\u00eancia P\u00fablica"},"content":{"rendered":"<p>A Assembleia Legislativa da Para\u00edba (ALPB) realizou Audi\u00eancia P\u00fablica, no \u00e2mbito da Comiss\u00e3o de Constitui\u00e7\u00e3o, Justi\u00e7a e Reda\u00e7\u00e3o (CCJ), para discutir os servi\u00e7os de oncologia na Para\u00edba. O evento, proposto pelo deputado Wilson Filho, aconteceu no plen\u00e1rio da Casa de Epit\u00e1cio Pessoa e contou com a presen\u00e7a do presidente da ALPB, Adriano Galdino, dos deputados Alexandre de Zez\u00e9, Dra Paula, Dr. Romualdo, Jo\u00e3o Gon\u00e7alves, Lucinha Lima, Professor Francisco, Silvia Benjamin; do deputado federal Wilson Santiago; e do secret\u00e1rio de Estado da Sa\u00fade, Jhonny Bezerra.<\/p>\n<p>O presidente da ALPB, Adriano Galdino, defendeu que as responsabilidades, no que diz respeito ao tratamento das pessoas com c\u00e2ncer sejam compartilhadas tamb\u00e9m com as grandes cidades da Para\u00edba. \u201cHoje foi um dia de debates francos, sobre a situa\u00e7\u00e3o da oncologia na Para\u00edba. O governador Jo\u00e3o Azev\u00eado d\u00e1 sinais de que o Estado precisa investir mais para atender a demanda crescente, principalmente, nas menores cidades. Precisamos melhorar os servi\u00e7os de oncologia no interior, para que, cada vez mais, os nossos paraibanos tenham a sua sa\u00fade e seu direito \u00e0 vida assegurados\u201d, refor\u00e7ou<\/p>\n","protected":false},"excerpt":{"rendered":"<p>A Assembleia Legislativa da Para\u00edba (ALPB) realizou Audi\u00eancia P\u00fablica, no \u00e2mbito da Comiss\u00e3o de Constitui\u00e7\u00e3o, Justi\u00e7a e Reda\u00e7\u00e3o (CCJ), para discutir os servi\u00e7os de oncologia na Para\u00edba. O evento, proposto pelo deputado Wilson Filho, aconteceu no plen\u00e1rio da Casa de Epit\u00e1cio Pessoa e contou com a presen\u00e7a do presidente da ALPB, Adriano Galdino, dos deputados &hellip;<\/p>\n","protected":false},"author":1,"featured_media":109381,"comment_status":"open","ping_status":"open","sticky":false,"template":"","format":"standard","meta":{"footnotes":""},"categories":[2],"tags":[],"class_list":["post-121735","post","type-post","status-publish","format-standard","has-post-thumbnail","hentry","category-saude"],"_links":{"self":[{"href":"https:\/\/iparaiba.com.br\/index.php\/wp-json\/wp\/v2\/posts\/121735","targetHints":{"allow":["GET"]}}],"collection":[{"href":"https:\/\/iparaiba.com.br\/index.php\/wp-json\/wp\/v2\/posts"}],"about":[{"href":"https:\/\/iparaiba.com.br\/index.php\/wp-json\/wp\/v2\/types\/post"}],"author":[{"embeddable":true,"href":"https:\/\/iparaiba.com.br\/index.php\/wp-json\/wp\/v2\/users\/1"}],"replies":[{"embeddable":true,"href":"https:\/\/iparaiba.com.br\/index.php\/wp-json\/wp\/v2\/comments?post=121735"}],"version-history":[{"count":1,"href":"https:\/\/iparaiba.com.br\/index.php\/wp-json\/wp\/v2\/posts\/121735\/revisions"}],"predecessor-version":[{"id":121746,"href":"https:\/\/iparaiba.com.br\/index.php\/wp-json\/wp\/v2\/posts\/121735\/revisions\/121746"}],"wp:featuredmedia":[{"embeddable":true,"href":"https:\/\/iparaiba.com.br\/index.php\/wp-json\/wp\/v2\/media\/109381"}],"wp:attachment":[{"href":"https:\/\/iparaiba.com.br\/index.php\/wp-json\/wp\/v2\/media?parent=121735"}],"wp:term":[{"taxonomy":"category","embeddable":true,"href":"https:\/\/iparaiba.com.br\/index.php\/wp-json\/wp\/v2\/categories?post=121735"},{"taxonomy":"post_tag","embeddable":true,"href":"https:\/\/iparaiba.com.br\/index.php\/wp-json\/wp\/v2\/tags?post=121735"}],"curies":[{"name":"wp","href":"https:\/\/api.w.org\/{rel}","templated":true}]}}