{"id":121719,"date":"2024-04-03T16:46:30","date_gmt":"2024-04-03T19:46:30","guid":{"rendered":"https:\/\/onordeste.com.br\/?p=121686"},"modified":"2024-04-03T16:46:30","modified_gmt":"2024-04-03T19:46:30","slug":"ccj-e-favoravel-a-proibicao-de-autopropelidos-nas-ciclovias-ciclofaixas-largos-e-calcadas","status":"publish","type":"post","link":"https:\/\/iparaiba.com.br\/index.php\/2024\/04\/03\/ccj-e-favoravel-a-proibicao-de-autopropelidos-nas-ciclovias-ciclofaixas-largos-e-calcadas\/","title":{"rendered":"CCJ \u00e9 favor\u00e1vel \u00e0 proibi\u00e7\u00e3o de autopropelidos nas ciclovias, ciclofaixas, largos e cal\u00e7adas"},"content":{"rendered":"<p align=\"justify\">A Comiss\u00e3o de Constitui\u00e7\u00e3o, Justi\u00e7a, Reda\u00e7\u00e3o e Legisla\u00e7\u00e3o Participativa (CCJ) foi favor\u00e1vel a uma Medida Provis\u00f3ria (MP) proibindo a circula\u00e7\u00e3o de equipamentos de mobilidade individual autopropelidos nas ciclovias, ciclofaixas, largos e cal\u00e7adas da orla mar\u00edtima, compreendidos entre os bairros de Cabo Branco e Tamba\u00fa. Ao todo, o colegiado foi favor\u00e1vel a seis Projetos de Lei Ordin\u00e1ria (PLO), uma Medida Provis\u00f3ria (MP) e dois Projetos de Decreto Legislativo (PDL). Dez PLOs foram rejeitados e outros dois foram retirados de pauta. Dois Vetos do Executivo foram mantidos.<\/p>\n<p align=\"justify\"><span lang=\"pt-BR\">A MP\u00a0<\/span><u><a href=\"https:\/\/sapl.joaopessoa.pb.leg.br\/materia\/pesquisar-materia?tipo=16&amp;ementa=&amp;numero=40&amp;numeracao__numero_materia=&amp;numero_protocolo=&amp;ano=2024&amp;autoria__autor=&amp;autoria__primeiro_autor=unknown&amp;autoria__autor__tipo=&amp;autoria__autor__parlamentar_set__filiacao__par\" target=\"_blank\" rel=\"noopener\" data-saferedirecturl=\"https:\/\/www.google.com\/url?q=https:\/\/sapl.joaopessoa.pb.leg.br\/materia\/pesquisar-materia?tipo%3D16%26ementa%3D%26numero%3D40%26numeracao__numero_materia%3D%26numero_protocolo%3D%26ano%3D2024%26autoria__autor%3D%26autoria__primeiro_autor%3Dunknown%26autoria__autor__tipo%3D%26autoria__autor__parlamentar_set__filiacao__par&amp;source=gmail&amp;ust=1712258704529000&amp;usg=AOvVaw0a0jQx1JjA0M_5uBg4kmEk\"><span lang=\"pt-BR\">40\/2024<\/span><\/a><\/u><span lang=\"pt-BR\">, acatada, pro\u00edbe a circula\u00e7\u00e3o de equipamentos de mobilidade individual autopropelidos nas ciclovias, ciclofaixas, largos e cal\u00e7adas da orla mar\u00edtima, compreendidos entre os bairros de Cabo Branco e Tamba\u00fa, excetuando-se da proibi\u00e7\u00e3o os equipamentos utilizados pelas for\u00e7as de seguran\u00e7a; os ve\u00edculos de competi\u00e7\u00e3o em uso; e os equipamentos destinados \u00e0 locomo\u00e7\u00e3o de pessoas com defici\u00eancia ou com comprometimento de mobilidade. De acordo com o documento, o descumprimento sujeita o condutor e o propriet\u00e1rio dos equipamentos, ao pagamento de multa de mil reais e, em caso de reincid\u00eancia, ao dobro e, assim, sucessivamente, bem como na medida administrava de remo\u00e7\u00e3o do equipamento. Tamb\u00e9m estabelece que o valor da multa ser\u00e1 atualizado anualmente, por \u00edndice utilizado para atualiza\u00e7\u00e3o de tributos municipais, mediante decreto municipal. Ainda fica determinado que os equipamentos removidos e n\u00e3o reclamados por seus propriet\u00e1rios no prazo m\u00e1ximo de 60 dias ser\u00e3o avaliados e levados \u00e0 leil\u00e3o p\u00fablico pela Superintend\u00eancia Executiva de mobilidade Urbana de Jo\u00e3o Pessoa (Semob-JP).<\/span><\/p>\n<p align=\"justify\"><span lang=\"pt-BR\">Outra mat\u00e9ria do Executivo Municipal que foi acatada foi o Projeto de Lei Ordin\u00e1ria (PLO)\u00a0<\/span><u><a href=\"https:\/\/sapl.joaopessoa.pb.leg.br\/materia\/pesquisar-materia?tipo=1&amp;ementa=&amp;numero=2005&amp;numeracao__numero_materia=&amp;numero_protocolo=&amp;ano=2024&amp;autoria__autor=&amp;autoria__primeiro_autor=unknown&amp;autoria__autor__tipo=&amp;autoria__autor__parlamentar_set__\" target=\"_blank\" rel=\"noopener\" data-saferedirecturl=\"https:\/\/www.google.com\/url?q=https:\/\/sapl.joaopessoa.pb.leg.br\/materia\/pesquisar-materia?tipo%3D1%26ementa%3D%26numero%3D2005%26numeracao__numero_materia%3D%26numero_protocolo%3D%26ano%3D2024%26autoria__autor%3D%26autoria__primeiro_autor%3Dunknown%26autoria__autor__tipo%3D%26autoria__autor__parlamentar_set__&amp;source=gmail&amp;ust=1712258704529000&amp;usg=AOvVaw0cl-HCDKagOOGD0lW4y9Vi\"><span lang=\"pt-BR\">2005\/2024<\/span><\/a><\/u><span lang=\"pt-BR\">, instituindo o Programa de Prote\u00e7\u00e3o a Vida de Crian\u00e7as e Adolescentes Amea\u00e7ados de Morte (PPVIDA\/JP), destinado ao desenvolvimento das a\u00e7\u00f5es do acolhimento institucional e prote\u00e7\u00e3o integral das crian\u00e7as e adolescente expostos a graves amea\u00e7as, sob a coordenadoria da Secretaria de Direitos Humanos e Cidadania (SEDHUC), sendo o p\u00fablico-alvo crian\u00e7as e adolescentes em situa\u00e7\u00e3o de risco pessoal, em situa\u00e7\u00e3o de amea\u00e7a de morte, ainda podendo a prote\u00e7\u00e3o ser estendida aos pais ou respons\u00e1veis, c\u00f4njuge, companheiro, descendentes, dependentes, colaterais e aos que tenham, comprovadamente, conviv\u00eancia habitual com o amea\u00e7ado, quando a amea\u00e7a houver se estendido a estas pessoas. E excepcionalmente, as a\u00e7\u00f5es do PPVIDA\/JP podem ser estendidas a jovens com at\u00e9 vinte e um anos, quando egressos do sistema socioeducativo e de entidades que desenvolvam programas de interna\u00e7\u00e3o ou acolhimento institucional.<\/span><\/p>\n<p align=\"justify\"><span lang=\"pt-BR\">Foram acatados tr\u00eas projetos de autoria do vereador Zezinho Botafogo (PSB): o PLO\u00a0<\/span><u><a href=\"https:\/\/sapl.joaopessoa.pb.leg.br\/materia\/pesquisar-materia?tipo=1&amp;ementa=&amp;numero=1948&amp;numeracao__numero_materia=&amp;numero_protocolo=&amp;ano=2024&amp;autoria__autor=\" target=\"_blank\" rel=\"noopener\" data-saferedirecturl=\"https:\/\/www.google.com\/url?q=https:\/\/sapl.joaopessoa.pb.leg.br\/materia\/pesquisar-materia?tipo%3D1%26ementa%3D%26numero%3D1948%26numeracao__numero_materia%3D%26numero_protocolo%3D%26ano%3D2024%26autoria__autor%3D&amp;source=gmail&amp;ust=1712258704529000&amp;usg=AOvVaw3CmDA7w_J4_f577bdut0tX\"><span lang=\"pt-BR\">1948\/2024<\/span><\/a><\/u><span lang=\"pt-BR\">, instituindo o Selo Empresa Amiga do Ciclista, a ser concedido a estabelecimentos comerciais e prestadores de servi\u00e7os que adotem medidas e infraestrutura favor\u00e1veis ao est\u00edmulo do uso da bicicleta como meio de transporte; o PLO\u00a0<\/span><u><a href=\"https:\/\/sapl.joaopessoa.pb.leg.br\/materia\/pesquisar-materia?tipo=1&amp;ementa=&amp;numero=1954&amp;numeracao__numero_materia=&amp;numero_protocolo=&amp;ano=2024&amp;autoria__autor=&amp;autoria__primeiro_autor=unknown&amp;autoria__autor__tipo=&amp;autoria__autor__parlamentar_set__filiacao__pa\" target=\"_blank\" rel=\"noopener\" data-saferedirecturl=\"https:\/\/www.google.com\/url?q=https:\/\/sapl.joaopessoa.pb.leg.br\/materia\/pesquisar-materia?tipo%3D1%26ementa%3D%26numero%3D1954%26numeracao__numero_materia%3D%26numero_protocolo%3D%26ano%3D2024%26autoria__autor%3D%26autoria__primeiro_autor%3Dunknown%26autoria__autor__tipo%3D%26autoria__autor__parlamentar_set__filiacao__pa&amp;source=gmail&amp;ust=1712258704529000&amp;usg=AOvVaw28zbpTRzszE0Q1yBb5rX0A\"><span lang=\"pt-BR\">1954\/2024<\/span><\/a><\/u><span lang=\"pt-BR\">, que institui a Campanha de Preven\u00e7\u00e3o ao C\u00e2ncer de Mama denominada \u2018Outubro Rosa nas Escolas\u2019 que ser\u00e1 realizada anualmente no m\u00eas de outubro; o PLO\u00a0<\/span><u><a href=\"https:\/\/sapl.joaopessoa.pb.leg.br\/materia\/pesquisar-materia?tipo=1&amp;ementa=&amp;numero=1974&amp;numeracao__numero_materia=&amp;numero_protocolo=&amp;ano=2024&amp;autoria__autor=&amp;autoria__primeiro_autor=unknown&amp;autoria__autor__tipo=&amp;autoria__autor__parlamentar_set__filiacao__pa\" target=\"_blank\" rel=\"noopener\" data-saferedirecturl=\"https:\/\/www.google.com\/url?q=https:\/\/sapl.joaopessoa.pb.leg.br\/materia\/pesquisar-materia?tipo%3D1%26ementa%3D%26numero%3D1974%26numeracao__numero_materia%3D%26numero_protocolo%3D%26ano%3D2024%26autoria__autor%3D%26autoria__primeiro_autor%3Dunknown%26autoria__autor__tipo%3D%26autoria__autor__parlamentar_set__filiacao__pa&amp;source=gmail&amp;ust=1712258704529000&amp;usg=AOvVaw2kJO_nDWxw0v6T_1VmAY1o\"><span lang=\"pt-BR\">1974\/2024<\/span><\/a><\/u><span lang=\"pt-BR\">; implementando a Campanha \u2018Turn Off\u2019 nas escolas p\u00fablicas e privadas da Capital, com o objetivo de conscientizar os alunos sobre o uso respons\u00e1vel da tecnologia e promover a import\u00e2ncia do desligamento de dispositivos eletr\u00f4nicos em determinados per\u00edodos.<\/span><\/p>\n<p align=\"justify\"><span lang=\"pt-BR\">Tamb\u00e9m receberam parecer favor\u00e1vel os seguintes PLOs: o\u00a0<\/span><u><a href=\"https:\/\/sapl.joaopessoa.pb.leg.br\/materia\/pesquisar-materia?tipo=1&amp;ementa=&amp;numero=1736&amp;numeracao__numero_materia=&amp;numero_protocolo=&amp;ano=2023&amp;autoria__autor=&amp;autoria__primeiro_autor=unknown&amp;autoria__auto\" target=\"_blank\" rel=\"noopener\" data-saferedirecturl=\"https:\/\/www.google.com\/url?q=https:\/\/sapl.joaopessoa.pb.leg.br\/materia\/pesquisar-materia?tipo%3D1%26ementa%3D%26numero%3D1736%26numeracao__numero_materia%3D%26numero_protocolo%3D%26ano%3D2023%26autoria__autor%3D%26autoria__primeiro_autor%3Dunknown%26autoria__auto&amp;source=gmail&amp;ust=1712258704529000&amp;usg=AOvVaw2eyT6UuoLwD0M6Lw5woGhb\"><span lang=\"pt-BR\">1736\/2023<\/span><\/a><\/u><span lang=\"pt-BR\">, do Coronel Sobreira (MDB), que cria o Dia de Conscientiza\u00e7\u00e3o da Apraxia (dist\u00farbio neurol\u00f3gico que afeta a condi\u00e7\u00e3o motora da fala) de Fala na Inf\u00e2ncia (AFI)\u2019, a ser celebrado, anualmente, no dia 14 de maio; e o\u00a0<\/span><u><a href=\"https:\/\/sapl.joaopessoa.pb.leg.br\/materia\/pesquisar-materia?tipo=1&amp;ementa=&amp;numero=1860&amp;numeracao__numero_materia=&amp;numero_protocolo=&amp;ano=2023&amp;autoria__autor=&amp;autoria__primeiro_autor=unknown&amp;autoria__autor__tipo=&amp;autoria__autor__parlamentar_set__filiacao__pa\" target=\"_blank\" rel=\"noopener\" data-saferedirecturl=\"https:\/\/www.google.com\/url?q=https:\/\/sapl.joaopessoa.pb.leg.br\/materia\/pesquisar-materia?tipo%3D1%26ementa%3D%26numero%3D1860%26numeracao__numero_materia%3D%26numero_protocolo%3D%26ano%3D2023%26autoria__autor%3D%26autoria__primeiro_autor%3Dunknown%26autoria__autor__tipo%3D%26autoria__autor__parlamentar_set__filiacao__pa&amp;source=gmail&amp;ust=1712258704529000&amp;usg=AOvVaw3EWj0FXkUuf4rESdXvqzJW\"><span lang=\"pt-BR\">1860\/2023<\/span><\/a><\/u><span lang=\"pt-BR\">, do presidente da CMJP, Dinho (Avante), que denomina de Mario de Almeida Tourinho o terminal de integra\u00e7\u00e3o, a ser constru\u00eddo no terreno do antigo pr\u00e9dio do CAIC, localizado na Avenida Hilton Souto Maior, no bairro de Mangabeira.<\/span><\/p>\n","protected":false},"excerpt":{"rendered":"<p>A Comiss\u00e3o de Constitui\u00e7\u00e3o, Justi\u00e7a, Reda\u00e7\u00e3o e Legisla\u00e7\u00e3o Participativa (CCJ) foi favor\u00e1vel a uma Medida Provis\u00f3ria (MP) proibindo a circula\u00e7\u00e3o de equipamentos de mobilidade individual autopropelidos nas ciclovias, ciclofaixas, largos e cal\u00e7adas da orla mar\u00edtima, compreendidos entre os bairros de Cabo Branco e Tamba\u00fa. Ao todo, o colegiado foi favor\u00e1vel a seis Projetos de Lei &hellip;<\/p>\n","protected":false},"author":1,"featured_media":109466,"comment_status":"open","ping_status":"open","sticky":false,"template":"","format":"standard","meta":{"footnotes":""},"categories":[15],"tags":[],"class_list":["post-121719","post","type-post","status-publish","format-standard","has-post-thumbnail","hentry","category-links"],"_links":{"self":[{"href":"https:\/\/iparaiba.com.br\/index.php\/wp-json\/wp\/v2\/posts\/121719","targetHints":{"allow":["GET"]}}],"collection":[{"href":"https:\/\/iparaiba.com.br\/index.php\/wp-json\/wp\/v2\/posts"}],"about":[{"href":"https:\/\/iparaiba.com.br\/index.php\/wp-json\/wp\/v2\/types\/post"}],"author":[{"embeddable":true,"href":"https:\/\/iparaiba.com.br\/index.php\/wp-json\/wp\/v2\/users\/1"}],"replies":[{"embeddable":true,"href":"https:\/\/iparaiba.com.br\/index.php\/wp-json\/wp\/v2\/comments?post=121719"}],"version-history":[{"count":0,"href":"https:\/\/iparaiba.com.br\/index.php\/wp-json\/wp\/v2\/posts\/121719\/revisions"}],"wp:featuredmedia":[{"embeddable":true,"href":"https:\/\/iparaiba.com.br\/index.php\/wp-json\/wp\/v2\/media\/109466"}],"wp:attachment":[{"href":"https:\/\/iparaiba.com.br\/index.php\/wp-json\/wp\/v2\/media?parent=121719"}],"wp:term":[{"taxonomy":"category","embeddable":true,"href":"https:\/\/iparaiba.com.br\/index.php\/wp-json\/wp\/v2\/categories?post=121719"},{"taxonomy":"post_tag","embeddable":true,"href":"https:\/\/iparaiba.com.br\/index.php\/wp-json\/wp\/v2\/tags?post=121719"}],"curies":[{"name":"wp","href":"https:\/\/api.w.org\/{rel}","templated":true}]}}