{"id":121718,"date":"2024-04-03T16:44:59","date_gmt":"2024-04-03T19:44:59","guid":{"rendered":"https:\/\/onordeste.com.br\/?p=121684"},"modified":"2024-04-03T16:44:59","modified_gmt":"2024-04-03T19:44:59","slug":"estado-prefeitura-camara-fecomercio-e-cdl-promoverao-feira-de-negocios-viva-o-centro","status":"publish","type":"post","link":"https:\/\/iparaiba.com.br\/index.php\/2024\/04\/03\/estado-prefeitura-camara-fecomercio-e-cdl-promoverao-feira-de-negocios-viva-o-centro\/","title":{"rendered":"Estado, Prefeitura, C\u00e2mara, Fecom\u00e9rcio e CDL promover\u00e3o Feira de Neg\u00f3cios Viva o Centro"},"content":{"rendered":"<div>Os empres\u00e1rios interessados em investir no Centro de Jo\u00e3o Pessoa ter\u00e3o uma grande oportunidade para colocar em pr\u00e1tica os seus projetos. Uma iniciativa inovadora envolvendo Governo da Para\u00edba, Prefeitura da Capital, C\u00e2mara Municipal, Federa\u00e7\u00e3o do Com\u00e9rcio (Fecom\u00e9rcio) e C\u00e2mara de Dirigentes Lojistas (CDL) vai permitir a realiza\u00e7\u00e3o da Feira de Neg\u00f3cios Viva o Centro.<\/p>\n<\/div>\n<p align=\"justify\">O evento vai acontecer no Teatro do Sesc, no Centro de Jo\u00e3o Pessoa, nos dias 24 e 25 deste m\u00eas. L\u00e1, os empres\u00e1rios ter\u00e3o a oportunidade de conhecer todos os incentivos fiscais oferecidos por Estado e Prefeitura e iniciar os processos de ades\u00e3o aos programas. Haver\u00e1 estandes, tamb\u00e9m, enfocando o refor\u00e7o da seguran\u00e7a e investimentos em infraestrutura na \u00e1rea central, al\u00e9m de oferta de cr\u00e9dito atrav\u00e9s do Empreender Para\u00edba e do Programa Eu Posso, da Prefeitura de Jo\u00e3o Pessoa.<\/p>\n<p align=\"justify\">A Feira de Neg\u00f3cios \u00e9 resultado de v\u00e1rias reuni\u00f5es envolvendo o poder p\u00fablico e os comerciantes do Centro, e funcionar\u00e1 como oportunidade para a formaliza\u00e7\u00e3o de incentivos j\u00e1 concedidos. \u201cDepois que a C\u00e2mara de Jo\u00e3o Pessoa puxou essa discuss\u00e3o sobre a necessidade de revitaliza\u00e7\u00e3o econ\u00f4mica do Centro Hist\u00f3rico, o Governo e a Prefeitura deram importantes contrapartidas. Isso, unido \u00e0 for\u00e7a do nosso empresariado, dar\u00e1 novo impulso \u00e0 economia da Capital\u201d, disse o presidente da C\u00e2mara, Dinho Dowsley (Avante).<\/p>\n<p align=\"justify\">Uma reuni\u00e3o ocorrida nesta segunda-feira (1\u00ba) serviu para fechar o local do evento. O Teatro do Sesc foi escolhido por ser um importante equipamento instalado no Centro da capital e possuir toda a estrutura necess\u00e1ria ao sucesso da Feira de Neg\u00f3cios. \u201cEste evento chega em boa hora, e vamos trabalhar pelo seu sucesso\u201d, ressaltou Marconi Medeiros, presidente da Fecom\u00e9rcio.<\/p>\n<p align=\"justify\">No ano passado, o governador Jo\u00e3o Azev\u00eado e o prefeito C\u00edcero Lucena deram entrevista coletiva para anunciar o conjunto dos incentivos fiscais. A Prefeitura deu gratuidade para o IPTU (Imposto Predial e Territorial Urbano) e o ITBI (Imposto sobre Transmiss\u00e3o de Bens Im\u00f3veis), al\u00e9m da redu\u00e7\u00e3o de 5% para 2% no Imposto Sobre Servi\u00e7o (ISS). Isso para quem se dispor a investir ou permanecer investindo no Centro.<\/p>\n<p align=\"justify\">No caso do Governo do Estado, foi anunciada a cria\u00e7\u00e3o do ICMS Patrim\u00f4nio Cultural, com investimento anual de R$ 10 milh\u00f5es, com possibilidade de abatimento de at\u00e9 R$ 1 milh\u00e3o para quem reformar um im\u00f3vel no Centro. Al\u00e9m disso, foi dada isen\u00e7\u00e3o de ITCD (Imposto sobre Transmiss\u00e3o &#8220;Causa Mortis&#8221; e Doa\u00e7\u00e3o de Quaisquer Bens ou Direitos), com investimentos de R$ 40 milh\u00f5es at\u00e9 2026.<\/p>\n<p align=\"justify\">CMJP<\/p>\n","protected":false},"excerpt":{"rendered":"<p>Os empres\u00e1rios interessados em investir no Centro de Jo\u00e3o Pessoa ter\u00e3o uma grande oportunidade para colocar em pr\u00e1tica os seus projetos. Uma iniciativa inovadora envolvendo Governo da Para\u00edba, Prefeitura da Capital, C\u00e2mara Municipal, Federa\u00e7\u00e3o do Com\u00e9rcio (Fecom\u00e9rcio) e C\u00e2mara de Dirigentes Lojistas (CDL) vai permitir a realiza\u00e7\u00e3o da Feira de Neg\u00f3cios Viva o Centro. O &hellip;<\/p>\n","protected":false},"author":1,"featured_media":115192,"comment_status":"open","ping_status":"open","sticky":false,"template":"","format":"standard","meta":{"footnotes":""},"categories":[15],"tags":[],"class_list":["post-121718","post","type-post","status-publish","format-standard","has-post-thumbnail","hentry","category-links"],"_links":{"self":[{"href":"https:\/\/iparaiba.com.br\/index.php\/wp-json\/wp\/v2\/posts\/121718","targetHints":{"allow":["GET"]}}],"collection":[{"href":"https:\/\/iparaiba.com.br\/index.php\/wp-json\/wp\/v2\/posts"}],"about":[{"href":"https:\/\/iparaiba.com.br\/index.php\/wp-json\/wp\/v2\/types\/post"}],"author":[{"embeddable":true,"href":"https:\/\/iparaiba.com.br\/index.php\/wp-json\/wp\/v2\/users\/1"}],"replies":[{"embeddable":true,"href":"https:\/\/iparaiba.com.br\/index.php\/wp-json\/wp\/v2\/comments?post=121718"}],"version-history":[{"count":0,"href":"https:\/\/iparaiba.com.br\/index.php\/wp-json\/wp\/v2\/posts\/121718\/revisions"}],"wp:featuredmedia":[{"embeddable":true,"href":"https:\/\/iparaiba.com.br\/index.php\/wp-json\/wp\/v2\/media\/115192"}],"wp:attachment":[{"href":"https:\/\/iparaiba.com.br\/index.php\/wp-json\/wp\/v2\/media?parent=121718"}],"wp:term":[{"taxonomy":"category","embeddable":true,"href":"https:\/\/iparaiba.com.br\/index.php\/wp-json\/wp\/v2\/categories?post=121718"},{"taxonomy":"post_tag","embeddable":true,"href":"https:\/\/iparaiba.com.br\/index.php\/wp-json\/wp\/v2\/tags?post=121718"}],"curies":[{"name":"wp","href":"https:\/\/api.w.org\/{rel}","templated":true}]}}