{"id":121716,"date":"2024-04-03T16:42:44","date_gmt":"2024-04-03T19:42:44","guid":{"rendered":"https:\/\/onordeste.com.br\/?p=121680"},"modified":"2024-04-03T16:42:44","modified_gmt":"2024-04-03T19:42:44","slug":"alpb-debate-politicas-publicas-sobre-o-autismo","status":"publish","type":"post","link":"https:\/\/iparaiba.com.br\/index.php\/2024\/04\/03\/alpb-debate-politicas-publicas-sobre-o-autismo\/","title":{"rendered":"ALPB debate pol\u00edticas p\u00fablicas sobre o Autismo"},"content":{"rendered":"<p>No Dia Mundial de Conscientiza\u00e7\u00e3o do Autismo, a Assembleia Legislativa da Para\u00edba (ALPB) chamou a aten\u00e7\u00e3o da popula\u00e7\u00e3o para a relev\u00e2ncia da elabora\u00e7\u00e3o de pol\u00edticas p\u00fablicas e aprova\u00e7\u00e3o de leis que defendem os direitos das pessoas que apresentam o Transtorno do Espectro Autista (TEA). Celebrada neste 2 de abril, a data foi criada pela Organiza\u00e7\u00e3o das Na\u00e7\u00f5es Unidas (ONU), no ano de 2007, com o objetivo de levar informa\u00e7\u00e3o \u00e0 popula\u00e7\u00e3o para reduzir a discrimina\u00e7\u00e3o e o preconceito.<\/p>\n<p>Membro da Frente Parlamentar em Defesa da Sa\u00fade Mental e da Pessoa Neuroat\u00edpica, deputado Tovar Corr\u00eaa Lima afirmou que, de acordo com dados do Controle de Preven\u00e7\u00e3o de Doen\u00e7as, em 2023, a popula\u00e7\u00e3o mundial de pessoas com Autismo cresceu 2,8%, saindo de 1 em cada 44 pessoas para 1 em cada 36 pessoas, e que no Brasil, cerca de dois milh\u00f5es de pessoas apresentam o TEA.<\/p>\n","protected":false},"excerpt":{"rendered":"<p>No Dia Mundial de Conscientiza\u00e7\u00e3o do Autismo, a Assembleia Legislativa da Para\u00edba (ALPB) chamou a aten\u00e7\u00e3o da popula\u00e7\u00e3o para a relev\u00e2ncia da elabora\u00e7\u00e3o de pol\u00edticas p\u00fablicas e aprova\u00e7\u00e3o de leis que defendem os direitos das pessoas que apresentam o Transtorno do Espectro Autista (TEA). Celebrada neste 2 de abril, a data foi criada pela Organiza\u00e7\u00e3o &hellip;<\/p>\n","protected":false},"author":1,"featured_media":115218,"comment_status":"open","ping_status":"open","sticky":false,"template":"","format":"standard","meta":{"footnotes":""},"categories":[8],"tags":[],"class_list":["post-121716","post","type-post","status-publish","format-standard","has-post-thumbnail","hentry","category-politica"],"_links":{"self":[{"href":"https:\/\/iparaiba.com.br\/index.php\/wp-json\/wp\/v2\/posts\/121716","targetHints":{"allow":["GET"]}}],"collection":[{"href":"https:\/\/iparaiba.com.br\/index.php\/wp-json\/wp\/v2\/posts"}],"about":[{"href":"https:\/\/iparaiba.com.br\/index.php\/wp-json\/wp\/v2\/types\/post"}],"author":[{"embeddable":true,"href":"https:\/\/iparaiba.com.br\/index.php\/wp-json\/wp\/v2\/users\/1"}],"replies":[{"embeddable":true,"href":"https:\/\/iparaiba.com.br\/index.php\/wp-json\/wp\/v2\/comments?post=121716"}],"version-history":[{"count":0,"href":"https:\/\/iparaiba.com.br\/index.php\/wp-json\/wp\/v2\/posts\/121716\/revisions"}],"wp:featuredmedia":[{"embeddable":true,"href":"https:\/\/iparaiba.com.br\/index.php\/wp-json\/wp\/v2\/media\/115218"}],"wp:attachment":[{"href":"https:\/\/iparaiba.com.br\/index.php\/wp-json\/wp\/v2\/media?parent=121716"}],"wp:term":[{"taxonomy":"category","embeddable":true,"href":"https:\/\/iparaiba.com.br\/index.php\/wp-json\/wp\/v2\/categories?post=121716"},{"taxonomy":"post_tag","embeddable":true,"href":"https:\/\/iparaiba.com.br\/index.php\/wp-json\/wp\/v2\/tags?post=121716"}],"curies":[{"name":"wp","href":"https:\/\/api.w.org\/{rel}","templated":true}]}}