{"id":121708,"date":"2024-04-05T10:00:24","date_gmt":"2024-04-05T13:00:24","guid":{"rendered":"https:\/\/onordeste.com.br\/?p=121706"},"modified":"2024-04-05T10:00:24","modified_gmt":"2024-04-05T13:00:24","slug":"stf-registra-60-anos-do-golpe-de-1964","status":"publish","type":"post","link":"https:\/\/iparaiba.com.br\/index.php\/2024\/04\/05\/stf-registra-60-anos-do-golpe-de-1964\/","title":{"rendered":"STF registra 60 anos do golpe de 1964"},"content":{"rendered":"<p>O presidente do Supremo Tribunal Federal (STF), ministro Lu\u00eds Roberto Barroso, registrou, no in\u00edcio da sess\u00e3o plen\u00e1ria desta quarta-feira (3), o marco hist\u00f3rico do &#8220;golpe de 1964&#8221;, ocorrido na madrugada de 31 de mar\u00e7o para 1\u00ba de abril de 1964, que completou 60 anos.<\/p>\n<p>\u201cEu uso a palavra golpe porque sempre que o presidente [da Rep\u00fablica] \u00e9 destitu\u00eddo por uma f\u00f3rmula que n\u00e3o esteja prevista na Constitui\u00e7\u00e3o, esse \u00e9 o nome iuris que se d\u00e1 a golpe de Estado\u201d, afirmou.<\/p>\n<p>Segundo o ministro, todos os que viveram dias dif\u00edceis no Brasil sabem valorizar o que \u00e9 viver em uma democracia constitucional. Barroso observou que a democracia pode ser um regime pol\u00edtico mais complexo porque exige negocia\u00e7\u00f5es e concess\u00f5es, enquanto que no autoritarismo \u00e9 poss\u00edvel impor solu\u00e7\u00f5es de cima para baixo.<\/p>\n<p>No entanto, o presidente do STF verificou que \u201cquem viveu processos autorit\u00e1rios, como muitos de n\u00f3s aqui, sabe que no fim do dia os resultados s\u00e3o piores e h\u00e1 um custo muito maior\u201d.<\/p>\n<p>No dia 31 de mar\u00e7o de 1964, o presidente da Rep\u00fablica, Jo\u00e3o Goulart, foi destitu\u00eddo por um golpe de Estado, e se instalou uma ditadura no Brasil. Foram editados diversos atos institucionais que suprimiram direitos individuais e pol\u00edticos, interferindo no funcionamento das institui\u00e7\u00f5es. O regime militar instaurado em 1964 se estendeu por 21 anos.<\/p>\n","protected":false},"excerpt":{"rendered":"<p>O presidente do Supremo Tribunal Federal (STF), ministro Lu\u00eds Roberto Barroso, registrou, no in\u00edcio da sess\u00e3o plen\u00e1ria desta quarta-feira (3), o marco hist\u00f3rico do &#8220;golpe de 1964&#8221;, ocorrido na madrugada de 31 de mar\u00e7o para 1\u00ba de abril de 1964, que completou 60 anos. \u201cEu uso a palavra golpe porque sempre que o presidente [da &hellip;<\/p>\n","protected":false},"author":1,"featured_media":97419,"comment_status":"open","ping_status":"open","sticky":false,"template":"","format":"standard","meta":{"footnotes":""},"categories":[10],"tags":[],"class_list":["post-121708","post","type-post","status-publish","format-standard","has-post-thumbnail","hentry","category-manchetes"],"_links":{"self":[{"href":"https:\/\/iparaiba.com.br\/index.php\/wp-json\/wp\/v2\/posts\/121708","targetHints":{"allow":["GET"]}}],"collection":[{"href":"https:\/\/iparaiba.com.br\/index.php\/wp-json\/wp\/v2\/posts"}],"about":[{"href":"https:\/\/iparaiba.com.br\/index.php\/wp-json\/wp\/v2\/types\/post"}],"author":[{"embeddable":true,"href":"https:\/\/iparaiba.com.br\/index.php\/wp-json\/wp\/v2\/users\/1"}],"replies":[{"embeddable":true,"href":"https:\/\/iparaiba.com.br\/index.php\/wp-json\/wp\/v2\/comments?post=121708"}],"version-history":[{"count":1,"href":"https:\/\/iparaiba.com.br\/index.php\/wp-json\/wp\/v2\/posts\/121708\/revisions"}],"predecessor-version":[{"id":121729,"href":"https:\/\/iparaiba.com.br\/index.php\/wp-json\/wp\/v2\/posts\/121708\/revisions\/121729"}],"wp:featuredmedia":[{"embeddable":true,"href":"https:\/\/iparaiba.com.br\/index.php\/wp-json\/wp\/v2\/media\/97419"}],"wp:attachment":[{"href":"https:\/\/iparaiba.com.br\/index.php\/wp-json\/wp\/v2\/media?parent=121708"}],"wp:term":[{"taxonomy":"category","embeddable":true,"href":"https:\/\/iparaiba.com.br\/index.php\/wp-json\/wp\/v2\/categories?post=121708"},{"taxonomy":"post_tag","embeddable":true,"href":"https:\/\/iparaiba.com.br\/index.php\/wp-json\/wp\/v2\/tags?post=121708"}],"curies":[{"name":"wp","href":"https:\/\/api.w.org\/{rel}","templated":true}]}}