{"id":121706,"date":"2024-04-05T06:00:23","date_gmt":"2024-04-05T09:00:23","guid":{"rendered":"https:\/\/onordeste.com.br\/?p=121702"},"modified":"2024-04-05T06:00:23","modified_gmt":"2024-04-05T09:00:23","slug":"pf-prende-tres-pessoas-em-flagrante-por-fraude-previdenciaria","status":"publish","type":"post","link":"https:\/\/iparaiba.com.br\/index.php\/2024\/04\/05\/pf-prende-tres-pessoas-em-flagrante-por-fraude-previdenciaria\/","title":{"rendered":"PF prende tr\u00eas pessoas em flagrante por fraude previdenci\u00e1ria"},"content":{"rendered":"<p><strong>S\u00e3o Paulo\/SP.<\/strong> A Pol\u00edcia Federal prendeu em flagrante tr\u00eas pessoas pelo crime de fraudes em benef\u00edcios previdenci\u00e1rios, em S\u00e3o Paulo\/SP.<\/p>\n<p>Na a\u00e7\u00e3o, os indiv\u00edduos foram abordados pelos policias federais quando tentavam receber as quantias decorrentes das fraudes, sendo dois dos recebimentos em ag\u00eancias localizadas no munic\u00edpio de S\u00e3o Paulo\/SP, e o \u00faltimo em Guarulhos\/SP.<\/p>\n<p>A Pol\u00edcia Federal atuou em coopera\u00e7\u00e3o com a Coordena\u00e7\u00e3o de Intelig\u00eancia Previdenci\u00e1ria (COINP) do Minist\u00e9rio da Previd\u00eancia Social (MTS).<\/p>\n<p>Diante da situa\u00e7\u00e3o, os investigados foram indiciados pelo crime de estelionato previdenci\u00e1rio majorado.<\/p>\n<p><em>Comunica\u00e7\u00e3o Social da Pol\u00edcia Federal em S\u00e3o Paulo\/SP<\/em><\/p>\n","protected":false},"excerpt":{"rendered":"<p>S\u00e3o Paulo\/SP. A Pol\u00edcia Federal prendeu em flagrante tr\u00eas pessoas pelo crime de fraudes em benef\u00edcios previdenci\u00e1rios, em S\u00e3o Paulo\/SP. Na a\u00e7\u00e3o, os indiv\u00edduos foram abordados pelos policias federais quando tentavam receber as quantias decorrentes das fraudes, sendo dois dos recebimentos em ag\u00eancias localizadas no munic\u00edpio de S\u00e3o Paulo\/SP, e o \u00faltimo em Guarulhos\/SP. A &hellip;<\/p>\n","protected":false},"author":1,"featured_media":107105,"comment_status":"open","ping_status":"open","sticky":false,"template":"","format":"standard","meta":{"footnotes":""},"categories":[13],"tags":[],"class_list":["post-121706","post","type-post","status-publish","format-standard","has-post-thumbnail","hentry","category-policial"],"_links":{"self":[{"href":"https:\/\/iparaiba.com.br\/index.php\/wp-json\/wp\/v2\/posts\/121706","targetHints":{"allow":["GET"]}}],"collection":[{"href":"https:\/\/iparaiba.com.br\/index.php\/wp-json\/wp\/v2\/posts"}],"about":[{"href":"https:\/\/iparaiba.com.br\/index.php\/wp-json\/wp\/v2\/types\/post"}],"author":[{"embeddable":true,"href":"https:\/\/iparaiba.com.br\/index.php\/wp-json\/wp\/v2\/users\/1"}],"replies":[{"embeddable":true,"href":"https:\/\/iparaiba.com.br\/index.php\/wp-json\/wp\/v2\/comments?post=121706"}],"version-history":[{"count":1,"href":"https:\/\/iparaiba.com.br\/index.php\/wp-json\/wp\/v2\/posts\/121706\/revisions"}],"predecessor-version":[{"id":121727,"href":"https:\/\/iparaiba.com.br\/index.php\/wp-json\/wp\/v2\/posts\/121706\/revisions\/121727"}],"wp:featuredmedia":[{"embeddable":true,"href":"https:\/\/iparaiba.com.br\/index.php\/wp-json\/wp\/v2\/media\/107105"}],"wp:attachment":[{"href":"https:\/\/iparaiba.com.br\/index.php\/wp-json\/wp\/v2\/media?parent=121706"}],"wp:term":[{"taxonomy":"category","embeddable":true,"href":"https:\/\/iparaiba.com.br\/index.php\/wp-json\/wp\/v2\/categories?post=121706"},{"taxonomy":"post_tag","embeddable":true,"href":"https:\/\/iparaiba.com.br\/index.php\/wp-json\/wp\/v2\/tags?post=121706"}],"curies":[{"name":"wp","href":"https:\/\/api.w.org\/{rel}","templated":true}]}}