{"id":121704,"date":"2024-04-04T16:00:15","date_gmt":"2024-04-04T19:00:15","guid":{"rendered":"https:\/\/onordeste.com.br\/?p=121698"},"modified":"2024-04-04T16:00:15","modified_gmt":"2024-04-04T19:00:15","slug":"pf-deflagra-operacao-em-combate-aos-crimes-de-contrabando-e-venda-de-produtos-falsificados","status":"publish","type":"post","link":"https:\/\/iparaiba.com.br\/index.php\/2024\/04\/04\/pf-deflagra-operacao-em-combate-aos-crimes-de-contrabando-e-venda-de-produtos-falsificados\/","title":{"rendered":"PF deflagra opera\u00e7\u00e3o em combate aos crimes de contrabando e venda de produtos falsificados"},"content":{"rendered":"<p><b>Ji-Paran\u00e1\/RO.<\/b>\u00a0A Pol\u00edcia Federal, com o apoio do Minist\u00e9rio da Agricultura e Pecu\u00e1ria (MAPA), deflagrou, na manh\u00e3 desta quarta-feira, 3\/4, a Opera\u00e7\u00e3o Fake Strong para cumprir seis mandados de busca e apreens\u00e3o em Ji-Paran\u00e1\/RO (3), Espig\u00e3o D\u2019Oeste\/RO, Pimenta Bueno\/RO e Barra do Gar\u00e7a\/MT, em combate aos crimes de contrabando e venda de produtos falsificados.<\/p>\n<p>As investiga\u00e7\u00f5es se iniciaram a partir do auto de pris\u00e3o em flagrante de dois homens que transportavam um produto fabricado nos Estados Unidos, um horm\u00f4nio de uso proibido na agropecu\u00e1ria nacional. Al\u00e9m disso, levavam itens aliment\u00edcios pecu\u00e1rios, os quais, segundo constatado pelos agentes do Minist\u00e9rio da Agricultura e Pecu\u00e1ria, teriam selos oficiais falsificados.<\/p>\n<p>Os investigados poder\u00e3o responder pelo delito de contrabando e\/ou venda de produtos falsificados.<\/p>\n<p align=\"right\"><i>Comunica\u00e7\u00e3o Social da Pol\u00edcia Federal em Rond\u00f4nia<\/i><\/p>\n","protected":false},"excerpt":{"rendered":"<p>Ji-Paran\u00e1\/RO.\u00a0A Pol\u00edcia Federal, com o apoio do Minist\u00e9rio da Agricultura e Pecu\u00e1ria (MAPA), deflagrou, na manh\u00e3 desta quarta-feira, 3\/4, a Opera\u00e7\u00e3o Fake Strong para cumprir seis mandados de busca e apreens\u00e3o em Ji-Paran\u00e1\/RO (3), Espig\u00e3o D\u2019Oeste\/RO, Pimenta Bueno\/RO e Barra do Gar\u00e7a\/MT, em combate aos crimes de contrabando e venda de produtos falsificados. As investiga\u00e7\u00f5es &hellip;<\/p>\n","protected":false},"author":1,"featured_media":108842,"comment_status":"open","ping_status":"open","sticky":false,"template":"","format":"standard","meta":{"footnotes":""},"categories":[13],"tags":[],"class_list":["post-121704","post","type-post","status-publish","format-standard","has-post-thumbnail","hentry","category-policial"],"_links":{"self":[{"href":"https:\/\/iparaiba.com.br\/index.php\/wp-json\/wp\/v2\/posts\/121704","targetHints":{"allow":["GET"]}}],"collection":[{"href":"https:\/\/iparaiba.com.br\/index.php\/wp-json\/wp\/v2\/posts"}],"about":[{"href":"https:\/\/iparaiba.com.br\/index.php\/wp-json\/wp\/v2\/types\/post"}],"author":[{"embeddable":true,"href":"https:\/\/iparaiba.com.br\/index.php\/wp-json\/wp\/v2\/users\/1"}],"replies":[{"embeddable":true,"href":"https:\/\/iparaiba.com.br\/index.php\/wp-json\/wp\/v2\/comments?post=121704"}],"version-history":[{"count":1,"href":"https:\/\/iparaiba.com.br\/index.php\/wp-json\/wp\/v2\/posts\/121704\/revisions"}],"predecessor-version":[{"id":121724,"href":"https:\/\/iparaiba.com.br\/index.php\/wp-json\/wp\/v2\/posts\/121704\/revisions\/121724"}],"wp:featuredmedia":[{"embeddable":true,"href":"https:\/\/iparaiba.com.br\/index.php\/wp-json\/wp\/v2\/media\/108842"}],"wp:attachment":[{"href":"https:\/\/iparaiba.com.br\/index.php\/wp-json\/wp\/v2\/media?parent=121704"}],"wp:term":[{"taxonomy":"category","embeddable":true,"href":"https:\/\/iparaiba.com.br\/index.php\/wp-json\/wp\/v2\/categories?post=121704"},{"taxonomy":"post_tag","embeddable":true,"href":"https:\/\/iparaiba.com.br\/index.php\/wp-json\/wp\/v2\/tags?post=121704"}],"curies":[{"name":"wp","href":"https:\/\/api.w.org\/{rel}","templated":true}]}}