{"id":121699,"date":"2024-04-04T06:00:34","date_gmt":"2024-04-04T09:00:34","guid":{"rendered":"https:\/\/onordeste.com.br\/?p=121688"},"modified":"2024-04-04T06:00:34","modified_gmt":"2024-04-04T09:00:34","slug":"alpb-debate-prerrogativas-do-poder-legislativo-estadual","status":"publish","type":"post","link":"https:\/\/iparaiba.com.br\/index.php\/2024\/04\/04\/alpb-debate-prerrogativas-do-poder-legislativo-estadual\/","title":{"rendered":"ALPB debate prerrogativas do Poder Legislativo Estadual"},"content":{"rendered":"<p>A Assembleia Legislativa da Para\u00edba (ALPB) realizou sess\u00e3o especial para discutir as prerrogativas do Poder Legislativo na constru\u00e7\u00e3o de pol\u00edticas p\u00fablicas e elabora\u00e7\u00e3o de projetos de lei. O evento proposto pelo presidente da Casa de Epit\u00e1cio Pessoa, deputado Adriano Galdino, contou com a presen\u00e7a de parlamentares, a participa\u00e7\u00e3o do procurador-geral da ALPB Newton Vita e com a palestra do jurista Marcelo Labanca, professor da Universidade Cat\u00f3lica de Pernambuco e refer\u00eancia nacional em empoderamento do parlamento e do constitucionalismo estadual.<\/p>\n<p>O presidente Adriano Galdino afirmou que a iniciativa de promover debates relevantes e dos mais diversos temas ser\u00e1 uma a\u00e7\u00e3o permanente na Casa Epit\u00e1cio Pessoa, com a finalidade de levar ao parlamento estadual, assim como \u00e0 popula\u00e7\u00e3o, assuntos que contribuam com a elabora\u00e7\u00e3o de propostas de leis e pol\u00edticas p\u00fablicas que tragam melhorias a qualidade de vida da popula\u00e7\u00e3o, levando em considera\u00e7\u00e3o as prerrogativas do Poder Legislativo Paraibano.<\/p>\n","protected":false},"excerpt":{"rendered":"<p>A Assembleia Legislativa da Para\u00edba (ALPB) realizou sess\u00e3o especial para discutir as prerrogativas do Poder Legislativo na constru\u00e7\u00e3o de pol\u00edticas p\u00fablicas e elabora\u00e7\u00e3o de projetos de lei. O evento proposto pelo presidente da Casa de Epit\u00e1cio Pessoa, deputado Adriano Galdino, contou com a presen\u00e7a de parlamentares, a participa\u00e7\u00e3o do procurador-geral da ALPB Newton Vita e &hellip;<\/p>\n","protected":false},"author":1,"featured_media":108516,"comment_status":"open","ping_status":"open","sticky":false,"template":"","format":"standard","meta":{"footnotes":""},"categories":[8],"tags":[],"class_list":["post-121699","post","type-post","status-publish","format-standard","has-post-thumbnail","hentry","category-politica"],"_links":{"self":[{"href":"https:\/\/iparaiba.com.br\/index.php\/wp-json\/wp\/v2\/posts\/121699","targetHints":{"allow":["GET"]}}],"collection":[{"href":"https:\/\/iparaiba.com.br\/index.php\/wp-json\/wp\/v2\/posts"}],"about":[{"href":"https:\/\/iparaiba.com.br\/index.php\/wp-json\/wp\/v2\/types\/post"}],"author":[{"embeddable":true,"href":"https:\/\/iparaiba.com.br\/index.php\/wp-json\/wp\/v2\/users\/1"}],"replies":[{"embeddable":true,"href":"https:\/\/iparaiba.com.br\/index.php\/wp-json\/wp\/v2\/comments?post=121699"}],"version-history":[{"count":1,"href":"https:\/\/iparaiba.com.br\/index.php\/wp-json\/wp\/v2\/posts\/121699\/revisions"}],"predecessor-version":[{"id":121720,"href":"https:\/\/iparaiba.com.br\/index.php\/wp-json\/wp\/v2\/posts\/121699\/revisions\/121720"}],"wp:featuredmedia":[{"embeddable":true,"href":"https:\/\/iparaiba.com.br\/index.php\/wp-json\/wp\/v2\/media\/108516"}],"wp:attachment":[{"href":"https:\/\/iparaiba.com.br\/index.php\/wp-json\/wp\/v2\/media?parent=121699"}],"wp:term":[{"taxonomy":"category","embeddable":true,"href":"https:\/\/iparaiba.com.br\/index.php\/wp-json\/wp\/v2\/categories?post=121699"},{"taxonomy":"post_tag","embeddable":true,"href":"https:\/\/iparaiba.com.br\/index.php\/wp-json\/wp\/v2\/tags?post=121699"}],"curies":[{"name":"wp","href":"https:\/\/api.w.org\/{rel}","templated":true}]}}