{"id":121679,"date":"2024-03-25T12:10:48","date_gmt":"2024-03-25T15:10:48","guid":{"rendered":"https:\/\/onordeste.com.br\/?p=121638"},"modified":"2024-03-25T12:10:48","modified_gmt":"2024-03-25T15:10:48","slug":"lei-institui-semana-da-conscientizacao-sobre-os-males-pelo-uso-intenso-de-telas","status":"publish","type":"post","link":"https:\/\/iparaiba.com.br\/index.php\/2024\/03\/25\/lei-institui-semana-da-conscientizacao-sobre-os-males-pelo-uso-intenso-de-telas\/","title":{"rendered":"Lei institui Semana da Conscientiza\u00e7\u00e3o sobre os males pelo uso intenso de telas"},"content":{"rendered":"<p>Uma semana inteira dedicada a a\u00e7\u00f5es educativas sobre o uso de telas por beb\u00eas e crian\u00e7as: esse \u00e9 o objetivo da Lei 844\/2003, de autoria do deputado Michel Henrique. A iniciativa institui a Semana da Conscientiza\u00e7\u00e3o e Preven\u00e7\u00e3o sobre os males causados pelo uso intenso de celulares, tablets e computadores por beb\u00eas e crian\u00e7as. As a\u00e7\u00f5es ser\u00e3o realizadas na primeira semana do m\u00eas de outubro, anualmente, tendo em vista ser o m\u00eas em que se comemora o Dia das Crian\u00e7as.<\/p>\n<p>O projeto, que teve o veto parcial do governo do estado derrubado em vota\u00e7\u00e3o na Assembleia Legislativa foi aprovado em sua configura\u00e7\u00e3o original com o Art. 2\u00ba, que diz o seguinte: \u201cNa semana da conscientiza\u00e7\u00e3o e preven\u00e7\u00e3o, poder\u00e3o ser realizadas palestras e reuni\u00f5es elucidativas e preventivas para a popula\u00e7\u00e3o na rede p\u00fablica de ensino e sa\u00fade, propaganda em emissoras de r\u00e1dio e televis\u00e3o, distribui\u00e7\u00e3o de informativos, entre outras atividades\u201d.<\/p>\n<p>\u201cEsse cuidado contribuir\u00e1 para o melhor desenvolvimento da crian\u00e7a e para um adulto mais saud\u00e1vel, uma vez que a exposi\u00e7\u00e3o excessiva \u00e0s telas pode acarretar problemas f\u00edsicos e mentais. Essa \u00e9 mais uma lei do nosso mandato que entra em vigor na Para\u00edba e que tem a finalidade de contribuir com a qualidade de vida dos paraibanos\u201d, relata Michel Henrique, que agradeceu aos colegas de parlamento por votarem contra o veto parcial do governo.<\/p>\n<p>O uso de equipamentos eletr\u00f4nicos em excesso prejudica o desenvolvimento das crian\u00e7as, afetando a concentra\u00e7\u00e3o, vis\u00e3o, audi\u00e7\u00e3o e autoestima. Isso pode comprometer um processo de desenvolvimento saud\u00e1vel, pois, al\u00e9m da sa\u00fade f\u00edsica, causa preju\u00edzos no aprendizado, sono e torna a crian\u00e7a sedent\u00e1ria, pois acaba por n\u00e3o praticar atividade f\u00edsica.<\/p>\n","protected":false},"excerpt":{"rendered":"<p>Uma semana inteira dedicada a a\u00e7\u00f5es educativas sobre o uso de telas por beb\u00eas e crian\u00e7as: esse \u00e9 o objetivo da Lei 844\/2003, de autoria do deputado Michel Henrique. A iniciativa institui a Semana da Conscientiza\u00e7\u00e3o e Preven\u00e7\u00e3o sobre os males causados pelo uso intenso de celulares, tablets e computadores por beb\u00eas e crian\u00e7as. As &hellip;<\/p>\n","protected":false},"author":1,"featured_media":115334,"comment_status":"open","ping_status":"open","sticky":false,"template":"","format":"standard","meta":{"footnotes":""},"categories":[6],"tags":[],"class_list":["post-121679","post","type-post","status-publish","format-standard","has-post-thumbnail","hentry","category-destaques"],"_links":{"self":[{"href":"https:\/\/iparaiba.com.br\/index.php\/wp-json\/wp\/v2\/posts\/121679","targetHints":{"allow":["GET"]}}],"collection":[{"href":"https:\/\/iparaiba.com.br\/index.php\/wp-json\/wp\/v2\/posts"}],"about":[{"href":"https:\/\/iparaiba.com.br\/index.php\/wp-json\/wp\/v2\/types\/post"}],"author":[{"embeddable":true,"href":"https:\/\/iparaiba.com.br\/index.php\/wp-json\/wp\/v2\/users\/1"}],"replies":[{"embeddable":true,"href":"https:\/\/iparaiba.com.br\/index.php\/wp-json\/wp\/v2\/comments?post=121679"}],"version-history":[{"count":0,"href":"https:\/\/iparaiba.com.br\/index.php\/wp-json\/wp\/v2\/posts\/121679\/revisions"}],"wp:featuredmedia":[{"embeddable":true,"href":"https:\/\/iparaiba.com.br\/index.php\/wp-json\/wp\/v2\/media\/115334"}],"wp:attachment":[{"href":"https:\/\/iparaiba.com.br\/index.php\/wp-json\/wp\/v2\/media?parent=121679"}],"wp:term":[{"taxonomy":"category","embeddable":true,"href":"https:\/\/iparaiba.com.br\/index.php\/wp-json\/wp\/v2\/categories?post=121679"},{"taxonomy":"post_tag","embeddable":true,"href":"https:\/\/iparaiba.com.br\/index.php\/wp-json\/wp\/v2\/tags?post=121679"}],"curies":[{"name":"wp","href":"https:\/\/api.w.org\/{rel}","templated":true}]}}