{"id":121676,"date":"2024-03-25T12:05:38","date_gmt":"2024-03-25T15:05:38","guid":{"rendered":"https:\/\/onordeste.com.br\/?p=121631"},"modified":"2024-03-25T12:05:38","modified_gmt":"2024-03-25T15:05:38","slug":"alpb-concede-titulo-de-cidadao-paraibano-ao-presidente-da-codevasf","status":"publish","type":"post","link":"https:\/\/iparaiba.com.br\/index.php\/2024\/03\/25\/alpb-concede-titulo-de-cidadao-paraibano-ao-presidente-da-codevasf\/","title":{"rendered":"ALPB concede t\u00edtulo de cidad\u00e3o paraibano ao presidente da Codevasf"},"content":{"rendered":"<p>A Assembleia Legislativa da Para\u00edba (ALPB) realiza, nesta segunda-feira (25), sess\u00e3o especial para entregar o t\u00edtulo de cidad\u00e3o paraibano ao presidente da Companhia de Desenvolvimento dos Vales do S\u00e3o Francisco e do Parna\u00edba (Codevasf), Marcelo Andrade Moreira Pinto.<\/p>\n<p>O evento, proposto pelo deputado George Morais, ser\u00e1 realizada no Plen\u00e1rio Deputado Jos\u00e9 Mariz, a partir das 09h. Na oportunidade, tamb\u00e9m ser\u00e1 realizada uma sess\u00e3o solene para celebrar os 50 anos da Codevasf.<\/p>\n","protected":false},"excerpt":{"rendered":"<p>A Assembleia Legislativa da Para\u00edba (ALPB) realiza, nesta segunda-feira (25), sess\u00e3o especial para entregar o t\u00edtulo de cidad\u00e3o paraibano ao presidente da Companhia de Desenvolvimento dos Vales do S\u00e3o Francisco e do Parna\u00edba (Codevasf), Marcelo Andrade Moreira Pinto. O evento, proposto pelo deputado George Morais, ser\u00e1 realizada no Plen\u00e1rio Deputado Jos\u00e9 Mariz, a partir das &hellip;<\/p>\n","protected":false},"author":1,"featured_media":115221,"comment_status":"open","ping_status":"open","sticky":false,"template":"","format":"standard","meta":{"footnotes":""},"categories":[8],"tags":[],"class_list":["post-121676","post","type-post","status-publish","format-standard","has-post-thumbnail","hentry","category-politica"],"_links":{"self":[{"href":"https:\/\/iparaiba.com.br\/index.php\/wp-json\/wp\/v2\/posts\/121676","targetHints":{"allow":["GET"]}}],"collection":[{"href":"https:\/\/iparaiba.com.br\/index.php\/wp-json\/wp\/v2\/posts"}],"about":[{"href":"https:\/\/iparaiba.com.br\/index.php\/wp-json\/wp\/v2\/types\/post"}],"author":[{"embeddable":true,"href":"https:\/\/iparaiba.com.br\/index.php\/wp-json\/wp\/v2\/users\/1"}],"replies":[{"embeddable":true,"href":"https:\/\/iparaiba.com.br\/index.php\/wp-json\/wp\/v2\/comments?post=121676"}],"version-history":[{"count":0,"href":"https:\/\/iparaiba.com.br\/index.php\/wp-json\/wp\/v2\/posts\/121676\/revisions"}],"wp:featuredmedia":[{"embeddable":true,"href":"https:\/\/iparaiba.com.br\/index.php\/wp-json\/wp\/v2\/media\/115221"}],"wp:attachment":[{"href":"https:\/\/iparaiba.com.br\/index.php\/wp-json\/wp\/v2\/media?parent=121676"}],"wp:term":[{"taxonomy":"category","embeddable":true,"href":"https:\/\/iparaiba.com.br\/index.php\/wp-json\/wp\/v2\/categories?post=121676"},{"taxonomy":"post_tag","embeddable":true,"href":"https:\/\/iparaiba.com.br\/index.php\/wp-json\/wp\/v2\/tags?post=121676"}],"curies":[{"name":"wp","href":"https:\/\/api.w.org\/{rel}","templated":true}]}}