{"id":121673,"date":"2024-03-27T16:01:26","date_gmt":"2024-03-27T19:01:26","guid":{"rendered":"https:\/\/onordeste.com.br\/?p=121673"},"modified":"2024-03-27T16:01:26","modified_gmt":"2024-03-27T19:01:26","slug":"maio-amarelo-2024-prefeitura-lanca-edital","status":"publish","type":"post","link":"https:\/\/iparaiba.com.br\/index.php\/2024\/03\/27\/maio-amarelo-2024-prefeitura-lanca-edital\/","title":{"rendered":"Maio Amarelo 2024: Prefeitura lan\u00e7a edital"},"content":{"rendered":"<p>A Prefeitura de Campina Grande, por meio da Superintend\u00eancia de Tr\u00e2nsito e Transportes P\u00fablicos (STTP) e da Secretaria de Educa\u00e7\u00e3o (Seduc) publicou nesta segunda-feira, 25, o edital do Concurso de Reda\u00e7\u00e3o do Maio Amarelo \u2013 edi\u00e7\u00e3o 2024. O objetivo \u00e9 estimular a participa\u00e7\u00e3o de estudantes de escolas p\u00fablicas e privadas da cidade nas a\u00e7\u00f5es do Movimento Maio Amarelo, conscientizando-os sobre os seus direitos e deveres no tr\u00e2nsito e promovendo a inclus\u00e3o social, por meio da difus\u00e3o do conhecimento.<\/p>\n<p>Podem participar do concurso alunos do Ensino Fundamental I e II (de escolas p\u00fablicas e privadas) e do Ensino M\u00e9dio (de escolas privadas). As inscri\u00e7\u00f5es s\u00e3o gratuitas e devem ser realizadas pelos professores de L\u00edngua Portuguesa das escolas, no per\u00edodo de 27 de mar\u00e7o at\u00e9 30 de abril, no link\u00a0<strong><a href=\"https:\/\/redacao2024.sttp.campinagrande.br\/\">https:\/\/redacao2024.sttp.campinagrande.br\/<\/a><\/strong>\u00a0, onde tamb\u00e9m est\u00e1 anexado o edital. Essa p\u00e1gina de inscri\u00e7\u00e3o tamb\u00e9m poder\u00e1 ser acessada no link\u00a0<strong><a href=\"https:\/\/linktr.ee\/STTP_CG\">https:\/\/linktr.ee\/STTP_CG<\/a><\/strong>, que est\u00e1 na bio do Instagram da STTP e no pr\u00f3prio site da autarquia: o\u00a0<strong><a href=\"https:\/\/sttp.campinagrande.pb.gov.br\/\">https:\/\/sttp.campinagrande.pb.gov.br\/<\/a><\/strong>.<\/p>\n<p>O resultado final ser\u00e1 divulgado no dia 24 de maio. Ser\u00e3o premiados o primeiro e o segundo colocados de cada categoria com certificados e bicicletas. As produ\u00e7\u00f5es devem ter o seguinte tema: \u201cPaz no tr\u00e2nsito come\u00e7a por voc\u00ea.\u201d<\/p>\n<p>Cada escola poder\u00e1 inscrever uma equipe de at\u00e9 05 alunos em cada categoria. Os alunos do Ensino Fundamental I dever\u00e3o produzir desenhos sobre o assunto. J\u00e1 os estudantes do Ensino Fundamental II v\u00e3o escrever um texto argumentativo sobre a tem\u00e1tica e propor algum tipo de interven\u00e7\u00e3o a respeito do t\u00f3pico estabelecido. Por fim, os alunos do Ensino M\u00e9dio ter\u00e3o que produzir um texto e tamb\u00e9m propor alguma interven\u00e7\u00e3o.<\/p>\n<p>Quanto aos trabalhos do Ensino Fundamental I, a exemplo do que aconteceu em 2023, os tr\u00eas melhores dentre as escolas p\u00fablicas e os tr\u00eas melhores realizados por alunos de escolas privadas v\u00e3o ser divulgados no dia 20 de maio, quando ficar\u00e3o expostos ao p\u00fablico para vota\u00e7\u00e3o on-line at\u00e9 o dia 22. Os dois melhores de cada tipo de escola ser\u00e3o divulgados com os demais no dia do resultado final.<\/p>\n<p>Para solucionar qualquer d\u00favida sobre o edital ou o concurso, os interessados podem mandar e-mail para: sttpcampinagrande@gmail.com.<\/p>\n<p>O Maio Amarelo \u00e9 uma campanha de educa\u00e7\u00e3o para o tr\u00e2nsito que acontece em \u00e2mbito nacional. Em Campina, a Divis\u00e3o de Educa\u00e7\u00e3o de Tr\u00e2nsito da STTP organiza uma vasta programa\u00e7\u00e3o de atividades em diversos setores p\u00fablicos e privados com o objetivo de conscientizar sobre a necessidade de diminuir os acidentes e as mortes no tr\u00e2nsito.<\/p>\n<p>Codecom<\/p>\n","protected":false},"excerpt":{"rendered":"<p>A Prefeitura de Campina Grande, por meio da Superintend\u00eancia de Tr\u00e2nsito e Transportes P\u00fablicos (STTP) e da Secretaria de Educa\u00e7\u00e3o (Seduc) publicou nesta segunda-feira, 25, o edital do Concurso de Reda\u00e7\u00e3o do Maio Amarelo \u2013 edi\u00e7\u00e3o 2024. O objetivo \u00e9 estimular a participa\u00e7\u00e3o de estudantes de escolas p\u00fablicas e privadas da cidade nas a\u00e7\u00f5es do &hellip;<\/p>\n","protected":false},"author":1,"featured_media":97348,"comment_status":"open","ping_status":"open","sticky":false,"template":"","format":"standard","meta":{"footnotes":""},"categories":[7],"tags":[],"class_list":["post-121673","post","type-post","status-publish","format-standard","has-post-thumbnail","hentry","category-diversas"],"_links":{"self":[{"href":"https:\/\/iparaiba.com.br\/index.php\/wp-json\/wp\/v2\/posts\/121673","targetHints":{"allow":["GET"]}}],"collection":[{"href":"https:\/\/iparaiba.com.br\/index.php\/wp-json\/wp\/v2\/posts"}],"about":[{"href":"https:\/\/iparaiba.com.br\/index.php\/wp-json\/wp\/v2\/types\/post"}],"author":[{"embeddable":true,"href":"https:\/\/iparaiba.com.br\/index.php\/wp-json\/wp\/v2\/users\/1"}],"replies":[{"embeddable":true,"href":"https:\/\/iparaiba.com.br\/index.php\/wp-json\/wp\/v2\/comments?post=121673"}],"version-history":[{"count":1,"href":"https:\/\/iparaiba.com.br\/index.php\/wp-json\/wp\/v2\/posts\/121673\/revisions"}],"predecessor-version":[{"id":121695,"href":"https:\/\/iparaiba.com.br\/index.php\/wp-json\/wp\/v2\/posts\/121673\/revisions\/121695"}],"wp:featuredmedia":[{"embeddable":true,"href":"https:\/\/iparaiba.com.br\/index.php\/wp-json\/wp\/v2\/media\/97348"}],"wp:attachment":[{"href":"https:\/\/iparaiba.com.br\/index.php\/wp-json\/wp\/v2\/media?parent=121673"}],"wp:term":[{"taxonomy":"category","embeddable":true,"href":"https:\/\/iparaiba.com.br\/index.php\/wp-json\/wp\/v2\/categories?post=121673"},{"taxonomy":"post_tag","embeddable":true,"href":"https:\/\/iparaiba.com.br\/index.php\/wp-json\/wp\/v2\/tags?post=121673"}],"curies":[{"name":"wp","href":"https:\/\/api.w.org\/{rel}","templated":true}]}}