{"id":121671,"date":"2024-03-27T14:00:29","date_gmt":"2024-03-27T17:00:29","guid":{"rendered":"https:\/\/onordeste.com.br\/?p=121671"},"modified":"2024-03-27T14:00:29","modified_gmt":"2024-03-27T17:00:29","slug":"obras-de-ampliacao-do-parque-do-povo-estao-em-ritmo-acelerado","status":"publish","type":"post","link":"https:\/\/iparaiba.com.br\/index.php\/2024\/03\/27\/obras-de-ampliacao-do-parque-do-povo-estao-em-ritmo-acelerado\/","title":{"rendered":"Obras de amplia\u00e7\u00e3o do Parque do Povo est\u00e3o em ritmo acelerado"},"content":{"rendered":"<p>A Prefeitura de Campina Grande, por meio da Secretaria de Obras (Secob), mant\u00e9m em ritmo acelerado as obras de amplia\u00e7\u00e3o do Parque do Povo. At\u00e9 esta segunda-feira, 25, uma \u00e1rea de 23 lotes j\u00e1 foi incorporada ao patrim\u00f4nio p\u00fablico. Restam apenas 11 lotes (totalizando 34 lotes) para concluir esta etapa do trabalho.<\/p>\n<p>De acordo com o engenheiro da obra, Ca\u00edque Castro, 67% dos lotes j\u00e1 foram demolidos e, dos que j\u00e1 passaram pelo processo de demoli\u00e7\u00e3o, est\u00e1 sendo realizada a retirada dos entulhos.<\/p>\n<p>Segundo o engenheiro, a previs\u00e3o \u00e9 de que o \u00faltimo morador deixe o local no pr\u00f3ximo dia 31. Com isso, a \u00faltima resid\u00eancia deve ser demolida na primeira semana de abril. Ap\u00f3s a demoli\u00e7\u00e3o do im\u00f3vel localizado no \u00faltimo lote, a obra entra em uma nova fase.<\/p>\n<p>Nesta nova fase ser\u00e1 realizada a concretagem do p\u00e1tio do Parque do Povo na \u00e1rea nova. Todo o processo ser\u00e1 conclu\u00eddo antes da montagem da estrutura para O Maior S\u00e3o Jo\u00e3o do Mundo, realizada pela empresa respons\u00e1vel pela gest\u00e3o do evento.<\/p>\n<p>A demoli\u00e7\u00e3o dos lotes est\u00e1 sendo realizada por m\u00e3o de obra da Prefeitura, envolvendo as secretarias de Servi\u00e7os Urbanos e Meio Ambiente (Sesuma), Defesa Civil, Guarda Municipal, STTP e o Gabinete do Prefeito, entre departamentos.<\/p>\n<p>Com a incorpora\u00e7\u00e3o da nova \u00e1rea, o Parque do Povo ter\u00e1 um aumento significativo em seu tamanho, passando dos atuais 31.595 metros quadrados para 40 mil metros quadrados. Esse acr\u00e9scimo representa uma expans\u00e3o consider\u00e1vel das instala\u00e7\u00f5es do Parque do Povo, proporcionando mais espa\u00e7o e oportunidades para os frequentadores desfrutarem de atividades ao ar livre e eventos p\u00fablicos.<\/p>\n<p>A amplia\u00e7\u00e3o do Parque do Povo \u00e9 uma resposta direta \u00e0 crescente demanda dos forrozeiros e turistas, que buscam por uma experi\u00eancia ainda mais imersiva durante o S\u00e3o Jo\u00e3o, e tamb\u00e9m da popula\u00e7\u00e3o da cidade que ganhar\u00e1 uma \u00e1rea de lazer e eventos ainda mais ampla. A obra vai proporcionar mais espa\u00e7o, conforto e seguran\u00e7a para todos.<\/p>\n<p>Joab Machado, secret\u00e1rio de Obras do Munic\u00edpio, explicou que a amplia\u00e7\u00e3o do espa\u00e7o da festa vai modificar a din\u00e2mica do evento e poder acomodar de forma melhor os forrozeiros que participar\u00e3o d\u2019O Maior S\u00e3o Jo\u00e3o do Mundo.<\/p>\n<p>\u201cVai modificar a din\u00e2mica do evento e o tipo de uso do espa\u00e7o. Vai acomodar todos os forrozeiros, todo mundo que vem como turista e todo mundo que utiliza esse espa\u00e7o para curtir o evento, Vai conseguir captar mais gente, conseguir absorver mais p\u00fablico e mudar a din\u00e2mica da festa. Isso \u00e9 muito importante para o Munic\u00edpio de todas as maneiras, seja ela economicamente, do ponto de vista de turismo, seja do ponto de amplia\u00e7\u00e3o desse espa\u00e7o\u201d, explicou Joab Machado.<\/p>\n<p>Codecom<\/p>\n","protected":false},"excerpt":{"rendered":"<p>A Prefeitura de Campina Grande, por meio da Secretaria de Obras (Secob), mant\u00e9m em ritmo acelerado as obras de amplia\u00e7\u00e3o do Parque do Povo. At\u00e9 esta segunda-feira, 25, uma \u00e1rea de 23 lotes j\u00e1 foi incorporada ao patrim\u00f4nio p\u00fablico. Restam apenas 11 lotes (totalizando 34 lotes) para concluir esta etapa do trabalho. De acordo com &hellip;<\/p>\n","protected":false},"author":1,"featured_media":106463,"comment_status":"open","ping_status":"open","sticky":false,"template":"","format":"standard","meta":{"footnotes":""},"categories":[3],"tags":[],"class_list":["post-121671","post","type-post","status-publish","format-standard","has-post-thumbnail","hentry","category-nordeste"],"_links":{"self":[{"href":"https:\/\/iparaiba.com.br\/index.php\/wp-json\/wp\/v2\/posts\/121671","targetHints":{"allow":["GET"]}}],"collection":[{"href":"https:\/\/iparaiba.com.br\/index.php\/wp-json\/wp\/v2\/posts"}],"about":[{"href":"https:\/\/iparaiba.com.br\/index.php\/wp-json\/wp\/v2\/types\/post"}],"author":[{"embeddable":true,"href":"https:\/\/iparaiba.com.br\/index.php\/wp-json\/wp\/v2\/users\/1"}],"replies":[{"embeddable":true,"href":"https:\/\/iparaiba.com.br\/index.php\/wp-json\/wp\/v2\/comments?post=121671"}],"version-history":[{"count":1,"href":"https:\/\/iparaiba.com.br\/index.php\/wp-json\/wp\/v2\/posts\/121671\/revisions"}],"predecessor-version":[{"id":121694,"href":"https:\/\/iparaiba.com.br\/index.php\/wp-json\/wp\/v2\/posts\/121671\/revisions\/121694"}],"wp:featuredmedia":[{"embeddable":true,"href":"https:\/\/iparaiba.com.br\/index.php\/wp-json\/wp\/v2\/media\/106463"}],"wp:attachment":[{"href":"https:\/\/iparaiba.com.br\/index.php\/wp-json\/wp\/v2\/media?parent=121671"}],"wp:term":[{"taxonomy":"category","embeddable":true,"href":"https:\/\/iparaiba.com.br\/index.php\/wp-json\/wp\/v2\/categories?post=121671"},{"taxonomy":"post_tag","embeddable":true,"href":"https:\/\/iparaiba.com.br\/index.php\/wp-json\/wp\/v2\/tags?post=121671"}],"curies":[{"name":"wp","href":"https:\/\/api.w.org\/{rel}","templated":true}]}}