{"id":121666,"date":"2024-03-27T08:00:52","date_gmt":"2024-03-27T11:00:52","guid":{"rendered":"https:\/\/onordeste.com.br\/?p=121666"},"modified":"2024-03-27T08:00:52","modified_gmt":"2024-03-27T11:00:52","slug":"centro-de-convencoes-entregara-a-primeira-etapa-ate-junho","status":"publish","type":"post","link":"https:\/\/iparaiba.com.br\/index.php\/2024\/03\/27\/centro-de-convencoes-entregara-a-primeira-etapa-ate-junho\/","title":{"rendered":"Centro de Conven\u00e7\u00f5es entregar\u00e1 a primeira etapa at\u00e9 junho"},"content":{"rendered":"<p>O turismo de neg\u00f3cios e de eventos em Campina Grande e regi\u00e3o ganhar\u00e1 novo impulso a partir deste ano com a conclus\u00e3o das obras do Centro de Conven\u00e7\u00f5es, equipamento que contar\u00e1 com grande espa\u00e7o para feiras, exposi\u00e7\u00f5es e eventos, audit\u00f3rios, heliponto, entre outros, no qual est\u00e3o sendo investidos cerca de R$ 168 milh\u00f5es \u2013 sendo R$ 119,6 milh\u00f5es oriundos do tesouro estadual, e R$ 48,8 milh\u00f5es de contrapartida do Governo Federal atrav\u00e9s de emendas parlamentares.<\/p>\n<p>Ainda neste semestre, o Governo da Para\u00edba entregar\u00e1 a primeira etapa do empreendimento, que corresponde \u00e0 \u00e1rea do Centro de Eventos, Feira e Exposi\u00e7\u00e3o.<\/p>\n<p>O Centro de Conven\u00e7\u00f5es de Campina Grande est\u00e1 sendo constru\u00eddo numa \u00e1rea total de 17.956,28 m\u00b2. O Centro de Eventos, Feira e Exposi\u00e7\u00e3o conta com uma extensa \u00e1rea de 12.679,45 m\u00b2, e j\u00e1 est\u00e1 com mais de 60% dos servi\u00e7os conclu\u00eddos.<\/p>\n<p>Outro destaque importante da estrutura \u00e9 o audit\u00f3rio, o maior da regi\u00e3o, com capacidade para 1.900 pessoas em uma \u00e1rea de 5.188,73 m\u00b2. O espa\u00e7o foi projetado para oferecer experi\u00eancias \u00fanicas, combinando conforto e tecnologia avan\u00e7ada para eventos de grande porte. O Centro de Conven\u00e7\u00f5es tamb\u00e9m contar\u00e1 com heliponto, pra\u00e7a das bandeiras, e estacionamento com 624 vagas.<\/p>\n<p>J\u00e1 o heliponto do Centro de Conven\u00e7\u00f5es de Campina Grande atingiu 89% de conclus\u00e3o. A concretagem da base, essencial para a estabilidade, seguiu padr\u00f5es normativos e investiu na durabilidade da estrutura.<\/p>\n<p>O superintendente em exerc\u00edcio da Suplan \u2013 \u00f3rg\u00e3o respons\u00e1vel pela constru\u00e7\u00e3o do equipamento, Luiz Rabelo, destaca o bom andamento da obra. \u201cEstamos trabalhando para entregar essa primeira etapa at\u00e9 junho de 2024. O processo de constru\u00e7\u00e3o da feira de eventos j\u00e1 atingiu os 60% de execu\u00e7\u00e3o. Agora estamos trabalhando nas instala\u00e7\u00f5es da climatiza\u00e7\u00e3o e na conclus\u00e3o da concretagem de piso, atendendo aos padr\u00f5es de qualidade e seguran\u00e7a\u201d, destacou o engenheiro.<\/p>\n","protected":false},"excerpt":{"rendered":"<p>O turismo de neg\u00f3cios e de eventos em Campina Grande e regi\u00e3o ganhar\u00e1 novo impulso a partir deste ano com a conclus\u00e3o das obras do Centro de Conven\u00e7\u00f5es, equipamento que contar\u00e1 com grande espa\u00e7o para feiras, exposi\u00e7\u00f5es e eventos, audit\u00f3rios, heliponto, entre outros, no qual est\u00e3o sendo investidos cerca de R$ 168 milh\u00f5es \u2013 sendo &hellip;<\/p>\n","protected":false},"author":1,"featured_media":97727,"comment_status":"open","ping_status":"open","sticky":false,"template":"","format":"standard","meta":{"footnotes":""},"categories":[4],"tags":[],"class_list":["post-121666","post","type-post","status-publish","format-standard","has-post-thumbnail","hentry","category-cultura"],"_links":{"self":[{"href":"https:\/\/iparaiba.com.br\/index.php\/wp-json\/wp\/v2\/posts\/121666","targetHints":{"allow":["GET"]}}],"collection":[{"href":"https:\/\/iparaiba.com.br\/index.php\/wp-json\/wp\/v2\/posts"}],"about":[{"href":"https:\/\/iparaiba.com.br\/index.php\/wp-json\/wp\/v2\/types\/post"}],"author":[{"embeddable":true,"href":"https:\/\/iparaiba.com.br\/index.php\/wp-json\/wp\/v2\/users\/1"}],"replies":[{"embeddable":true,"href":"https:\/\/iparaiba.com.br\/index.php\/wp-json\/wp\/v2\/comments?post=121666"}],"version-history":[{"count":1,"href":"https:\/\/iparaiba.com.br\/index.php\/wp-json\/wp\/v2\/posts\/121666\/revisions"}],"predecessor-version":[{"id":121692,"href":"https:\/\/iparaiba.com.br\/index.php\/wp-json\/wp\/v2\/posts\/121666\/revisions\/121692"}],"wp:featuredmedia":[{"embeddable":true,"href":"https:\/\/iparaiba.com.br\/index.php\/wp-json\/wp\/v2\/media\/97727"}],"wp:attachment":[{"href":"https:\/\/iparaiba.com.br\/index.php\/wp-json\/wp\/v2\/media?parent=121666"}],"wp:term":[{"taxonomy":"category","embeddable":true,"href":"https:\/\/iparaiba.com.br\/index.php\/wp-json\/wp\/v2\/categories?post=121666"},{"taxonomy":"post_tag","embeddable":true,"href":"https:\/\/iparaiba.com.br\/index.php\/wp-json\/wp\/v2\/tags?post=121666"}],"curies":[{"name":"wp","href":"https:\/\/api.w.org\/{rel}","templated":true}]}}