{"id":121664,"date":"2024-03-27T06:00:33","date_gmt":"2024-03-27T09:00:33","guid":{"rendered":"https:\/\/onordeste.com.br\/?p=121664"},"modified":"2024-03-27T06:00:33","modified_gmt":"2024-03-27T09:00:33","slug":"reparticoes-estaduais-terao-ponto-facultativo-2","status":"publish","type":"post","link":"https:\/\/iparaiba.com.br\/index.php\/2024\/03\/27\/reparticoes-estaduais-terao-ponto-facultativo-2\/","title":{"rendered":"Reparti\u00e7\u00f5es estaduais ter\u00e3o ponto facultativo"},"content":{"rendered":"<p>O Governo do Estado, por meio da Secretaria da Administra\u00e7\u00e3o, tornou facultativo o expediente da pr\u00f3xima quinta-feira (28) \u2013 que antecede o feriado nacional da sexta-feira da Paix\u00e3o (29) \u2013 nas reparti\u00e7\u00f5es da Administra\u00e7\u00e3o Direta e Indireta, do Poder Executivo.<\/p>\n<p>De acordo com a portaria n\u00ba 171\/2024, publicada na edi\u00e7\u00e3o desta quinta-feira (21) no Di\u00e1rio Oficial e assinada pelo secret\u00e1rio de Administra\u00e7\u00e3o, Tib\u00e9rio Limeira, deve ser preservado o funcionamento dos servi\u00e7os essenciais.<\/p>\n","protected":false},"excerpt":{"rendered":"<p>O Governo do Estado, por meio da Secretaria da Administra\u00e7\u00e3o, tornou facultativo o expediente da pr\u00f3xima quinta-feira (28) \u2013 que antecede o feriado nacional da sexta-feira da Paix\u00e3o (29) \u2013 nas reparti\u00e7\u00f5es da Administra\u00e7\u00e3o Direta e Indireta, do Poder Executivo. De acordo com a portaria n\u00ba 171\/2024, publicada na edi\u00e7\u00e3o desta quinta-feira (21) no Di\u00e1rio &hellip;<\/p>\n","protected":false},"author":1,"featured_media":116821,"comment_status":"open","ping_status":"open","sticky":false,"template":"","format":"standard","meta":{"footnotes":""},"categories":[6],"tags":[],"class_list":["post-121664","post","type-post","status-publish","format-standard","has-post-thumbnail","hentry","category-destaques"],"_links":{"self":[{"href":"https:\/\/iparaiba.com.br\/index.php\/wp-json\/wp\/v2\/posts\/121664","targetHints":{"allow":["GET"]}}],"collection":[{"href":"https:\/\/iparaiba.com.br\/index.php\/wp-json\/wp\/v2\/posts"}],"about":[{"href":"https:\/\/iparaiba.com.br\/index.php\/wp-json\/wp\/v2\/types\/post"}],"author":[{"embeddable":true,"href":"https:\/\/iparaiba.com.br\/index.php\/wp-json\/wp\/v2\/users\/1"}],"replies":[{"embeddable":true,"href":"https:\/\/iparaiba.com.br\/index.php\/wp-json\/wp\/v2\/comments?post=121664"}],"version-history":[{"count":1,"href":"https:\/\/iparaiba.com.br\/index.php\/wp-json\/wp\/v2\/posts\/121664\/revisions"}],"predecessor-version":[{"id":121691,"href":"https:\/\/iparaiba.com.br\/index.php\/wp-json\/wp\/v2\/posts\/121664\/revisions\/121691"}],"wp:featuredmedia":[{"embeddable":true,"href":"https:\/\/iparaiba.com.br\/index.php\/wp-json\/wp\/v2\/media\/116821"}],"wp:attachment":[{"href":"https:\/\/iparaiba.com.br\/index.php\/wp-json\/wp\/v2\/media?parent=121664"}],"wp:term":[{"taxonomy":"category","embeddable":true,"href":"https:\/\/iparaiba.com.br\/index.php\/wp-json\/wp\/v2\/categories?post=121664"},{"taxonomy":"post_tag","embeddable":true,"href":"https:\/\/iparaiba.com.br\/index.php\/wp-json\/wp\/v2\/tags?post=121664"}],"curies":[{"name":"wp","href":"https:\/\/api.w.org\/{rel}","templated":true}]}}