{"id":121656,"date":"2024-03-26T12:00:34","date_gmt":"2024-03-26T15:00:34","guid":{"rendered":"https:\/\/onordeste.com.br\/?p=121656"},"modified":"2024-03-26T12:00:34","modified_gmt":"2024-03-26T15:00:34","slug":"mandados-de-prisao-preventiva","status":"publish","type":"post","link":"https:\/\/iparaiba.com.br\/index.php\/2024\/03\/26\/mandados-de-prisao-preventiva\/","title":{"rendered":"Mandados de pris\u00e3o preventiva"},"content":{"rendered":"<p><strong>Bras\u00edlia\/DF.<\/strong> A Pol\u00edcia Federal cumpriu na capital federal, mandados de pris\u00e3o preventiva e busca e apreens\u00e3o, expedidos pelo Supremo Tribunal Federal, contra suspeito de obstru\u00e7\u00e3o de justi\u00e7a em investiga\u00e7\u00e3o que envolve organiza\u00e7\u00e3o criminosa.<\/p>\n<p>A conduta do preso caracteriza, ainda, o descumprimento das medidas cautelares diversas da pris\u00e3o impostas no processo criminal em curso.<\/p>\n<p>Ele passou por exame de corpo de delito no Instituto Nacional de Criminal\u00edstica da Pol\u00edcia Federal e ser\u00e1 apresentado \u00e0 Pol\u00edcia do Ex\u00e9rcito para cust\u00f3dia.<\/p>\n<p><em>Coordena\u00e7\u00e3o-Geral de Comunica\u00e7\u00e3o Social da PF<\/em><\/p>\n","protected":false},"excerpt":{"rendered":"<p>Bras\u00edlia\/DF. A Pol\u00edcia Federal cumpriu na capital federal, mandados de pris\u00e3o preventiva e busca e apreens\u00e3o, expedidos pelo Supremo Tribunal Federal, contra suspeito de obstru\u00e7\u00e3o de justi\u00e7a em investiga\u00e7\u00e3o que envolve organiza\u00e7\u00e3o criminosa. A conduta do preso caracteriza, ainda, o descumprimento das medidas cautelares diversas da pris\u00e3o impostas no processo criminal em curso. Ele passou &hellip;<\/p>\n","protected":false},"author":1,"featured_media":104189,"comment_status":"open","ping_status":"open","sticky":false,"template":"","format":"standard","meta":{"footnotes":""},"categories":[13],"tags":[],"class_list":["post-121656","post","type-post","status-publish","format-standard","has-post-thumbnail","hentry","category-policial"],"_links":{"self":[{"href":"https:\/\/iparaiba.com.br\/index.php\/wp-json\/wp\/v2\/posts\/121656","targetHints":{"allow":["GET"]}}],"collection":[{"href":"https:\/\/iparaiba.com.br\/index.php\/wp-json\/wp\/v2\/posts"}],"about":[{"href":"https:\/\/iparaiba.com.br\/index.php\/wp-json\/wp\/v2\/types\/post"}],"author":[{"embeddable":true,"href":"https:\/\/iparaiba.com.br\/index.php\/wp-json\/wp\/v2\/users\/1"}],"replies":[{"embeddable":true,"href":"https:\/\/iparaiba.com.br\/index.php\/wp-json\/wp\/v2\/comments?post=121656"}],"version-history":[{"count":1,"href":"https:\/\/iparaiba.com.br\/index.php\/wp-json\/wp\/v2\/posts\/121656\/revisions"}],"predecessor-version":[{"id":121687,"href":"https:\/\/iparaiba.com.br\/index.php\/wp-json\/wp\/v2\/posts\/121656\/revisions\/121687"}],"wp:featuredmedia":[{"embeddable":true,"href":"https:\/\/iparaiba.com.br\/index.php\/wp-json\/wp\/v2\/media\/104189"}],"wp:attachment":[{"href":"https:\/\/iparaiba.com.br\/index.php\/wp-json\/wp\/v2\/media?parent=121656"}],"wp:term":[{"taxonomy":"category","embeddable":true,"href":"https:\/\/iparaiba.com.br\/index.php\/wp-json\/wp\/v2\/categories?post=121656"},{"taxonomy":"post_tag","embeddable":true,"href":"https:\/\/iparaiba.com.br\/index.php\/wp-json\/wp\/v2\/tags?post=121656"}],"curies":[{"name":"wp","href":"https:\/\/api.w.org\/{rel}","templated":true}]}}