{"id":121653,"date":"2024-03-26T08:00:35","date_gmt":"2024-03-26T11:00:35","guid":{"rendered":"https:\/\/onordeste.com.br\/?p=121652"},"modified":"2024-03-26T08:00:35","modified_gmt":"2024-03-26T11:00:35","slug":"pf-pgr-e-mprj-deflagram-operacao-murder-inc-em-investigacao-dos-homicidios","status":"publish","type":"post","link":"https:\/\/iparaiba.com.br\/index.php\/2024\/03\/26\/pf-pgr-e-mprj-deflagram-operacao-murder-inc-em-investigacao-dos-homicidios\/","title":{"rendered":"PF, PGR e MPRJ deflagram Opera\u00e7\u00e3o Murder Inc. em investiga\u00e7\u00e3o dos homic\u00eddios"},"content":{"rendered":"<p><strong>Rio de Janeiro\/RJ.<\/strong> A Pol\u00edcia Federal deflagrou a Opera\u00e7\u00e3o Murder Inc., no interesse da investiga\u00e7\u00e3o que apura os homic\u00eddios da vereadora Marielle Franco e do motorista Anderson Gomes, al\u00e9m da tentativa de homic\u00eddio da assessora Fernanda Chaves. A a\u00e7\u00e3o conta com a participa\u00e7\u00e3o da Procuradoria-Geral da Rep\u00fablica e do Minist\u00e9rio P\u00fablico do Rio de Janeiro.<\/p>\n<p>Est\u00e3o sendo cumpridos tr\u00eas mandados de pris\u00e3o preventiva e 12 mandados de busca e apreens\u00e3o, expedidos pelo Supremo Tribunal Federal, todos na cidade do Rio de Janeiro\/RJ.<\/p>\n<p>A a\u00e7\u00e3o conta ainda com o apoio da Secretaria de Estado de Pol\u00edcia Civil do Rio de Janeiro e da Secretaria Nacional de Pol\u00edticas Penais, do Minist\u00e9rio da Justi\u00e7a e Seguran\u00e7a P\u00fablica, e tem como alvos os autores intelectuais dos crimes de homic\u00eddio, de acordo com a investiga\u00e7\u00e3o. Tamb\u00e9m s\u00e3o apurados os crimes de organiza\u00e7\u00e3o criminosa e obstru\u00e7\u00e3o de justi\u00e7a.<\/p>\n<p><em>Coordena\u00e7\u00e3o-Geral de Comunica\u00e7\u00e3o Social<\/em><\/p>\n","protected":false},"excerpt":{"rendered":"<p>Rio de Janeiro\/RJ. A Pol\u00edcia Federal deflagrou a Opera\u00e7\u00e3o Murder Inc., no interesse da investiga\u00e7\u00e3o que apura os homic\u00eddios da vereadora Marielle Franco e do motorista Anderson Gomes, al\u00e9m da tentativa de homic\u00eddio da assessora Fernanda Chaves. A a\u00e7\u00e3o conta com a participa\u00e7\u00e3o da Procuradoria-Geral da Rep\u00fablica e do Minist\u00e9rio P\u00fablico do Rio de Janeiro. &hellip;<\/p>\n","protected":false},"author":1,"featured_media":98188,"comment_status":"open","ping_status":"open","sticky":false,"template":"","format":"standard","meta":{"footnotes":""},"categories":[13],"tags":[],"class_list":["post-121653","post","type-post","status-publish","format-standard","has-post-thumbnail","hentry","category-policial"],"_links":{"self":[{"href":"https:\/\/iparaiba.com.br\/index.php\/wp-json\/wp\/v2\/posts\/121653","targetHints":{"allow":["GET"]}}],"collection":[{"href":"https:\/\/iparaiba.com.br\/index.php\/wp-json\/wp\/v2\/posts"}],"about":[{"href":"https:\/\/iparaiba.com.br\/index.php\/wp-json\/wp\/v2\/types\/post"}],"author":[{"embeddable":true,"href":"https:\/\/iparaiba.com.br\/index.php\/wp-json\/wp\/v2\/users\/1"}],"replies":[{"embeddable":true,"href":"https:\/\/iparaiba.com.br\/index.php\/wp-json\/wp\/v2\/comments?post=121653"}],"version-history":[{"count":1,"href":"https:\/\/iparaiba.com.br\/index.php\/wp-json\/wp\/v2\/posts\/121653\/revisions"}],"predecessor-version":[{"id":121685,"href":"https:\/\/iparaiba.com.br\/index.php\/wp-json\/wp\/v2\/posts\/121653\/revisions\/121685"}],"wp:featuredmedia":[{"embeddable":true,"href":"https:\/\/iparaiba.com.br\/index.php\/wp-json\/wp\/v2\/media\/98188"}],"wp:attachment":[{"href":"https:\/\/iparaiba.com.br\/index.php\/wp-json\/wp\/v2\/media?parent=121653"}],"wp:term":[{"taxonomy":"category","embeddable":true,"href":"https:\/\/iparaiba.com.br\/index.php\/wp-json\/wp\/v2\/categories?post=121653"},{"taxonomy":"post_tag","embeddable":true,"href":"https:\/\/iparaiba.com.br\/index.php\/wp-json\/wp\/v2\/tags?post=121653"}],"curies":[{"name":"wp","href":"https:\/\/api.w.org\/{rel}","templated":true}]}}