{"id":121652,"date":"2024-03-26T06:00:07","date_gmt":"2024-03-26T09:00:07","guid":{"rendered":"https:\/\/onordeste.com.br\/?p=121650"},"modified":"2024-03-26T06:00:07","modified_gmt":"2024-03-26T09:00:07","slug":"stf-torna-publica-ata-de-audiencia-na-qual-cid-confirma-integralmente","status":"publish","type":"post","link":"https:\/\/iparaiba.com.br\/index.php\/2024\/03\/26\/stf-torna-publica-ata-de-audiencia-na-qual-cid-confirma-integralmente\/","title":{"rendered":"STF torna p\u00fablica ata de audi\u00eancia na qual Cid confirma integralmente"},"content":{"rendered":"<p>O ministro Alexandre de Moraes, do Supremo Tribunal Federal (STF), tornou p\u00fablica a ata de audi\u00eancia de Mauro Cid, na qual o colaborador confirmou integralmente os termos de sua dela\u00e7\u00e3o premiada.<\/p>\n<p>\u201cDiante da necessidade de afastar qualquer d\u00favida sobre a legalidade, espontaneidade e voluntariedade da colabora\u00e7\u00e3o de Mauro C\u00e9sar Barbosa Cid, que confirmou integralmente os termos anteriores de suas declara\u00e7\u00f5es, torno p\u00fablica a ata de audi\u00eancia realizada para a oitiva do colaborador, no dia 22\/3\/2024, \u00e0s 13h, na sala de audi\u00eancias do Supremo Tribunal Federal, com a presen\u00e7a da Procuradoria-Geral da Rep\u00fablica e dos defensores\u201d, afirmou o ministro em decis\u00e3o.<\/p>\n<p>Veja\u00a0<a href=\"http:\/\/www.stf.jus.br\/arquivo\/cms\/noticiaNoticiaStf\/anexo\/DespachoAudienciaCID1.pdf\" target=\"_blank\" rel=\"noopener\">aqui a \u00edntegra do despacho<\/a>.<\/p>\n<p>Veja\u00a0<a href=\"http:\/\/www.stf.jus.br\/arquivo\/cms\/noticiaNoticiaStf\/anexo\/TermodeaudinciaCID.pdf\" target=\"_blank\" rel=\"noopener\">aqui a \u00edntegra da ata de audi\u00eancia<\/a>.<\/p>\n","protected":false},"excerpt":{"rendered":"<p>O ministro Alexandre de Moraes, do Supremo Tribunal Federal (STF), tornou p\u00fablica a ata de audi\u00eancia de Mauro Cid, na qual o colaborador confirmou integralmente os termos de sua dela\u00e7\u00e3o premiada. \u201cDiante da necessidade de afastar qualquer d\u00favida sobre a legalidade, espontaneidade e voluntariedade da colabora\u00e7\u00e3o de Mauro C\u00e9sar Barbosa Cid, que confirmou integralmente os &hellip;<\/p>\n","protected":false},"author":1,"featured_media":119197,"comment_status":"open","ping_status":"open","sticky":false,"template":"","format":"standard","meta":{"footnotes":""},"categories":[9],"tags":[],"class_list":["post-121652","post","type-post","status-publish","format-standard","has-post-thumbnail","hentry","category-justica"],"_links":{"self":[{"href":"https:\/\/iparaiba.com.br\/index.php\/wp-json\/wp\/v2\/posts\/121652","targetHints":{"allow":["GET"]}}],"collection":[{"href":"https:\/\/iparaiba.com.br\/index.php\/wp-json\/wp\/v2\/posts"}],"about":[{"href":"https:\/\/iparaiba.com.br\/index.php\/wp-json\/wp\/v2\/types\/post"}],"author":[{"embeddable":true,"href":"https:\/\/iparaiba.com.br\/index.php\/wp-json\/wp\/v2\/users\/1"}],"replies":[{"embeddable":true,"href":"https:\/\/iparaiba.com.br\/index.php\/wp-json\/wp\/v2\/comments?post=121652"}],"version-history":[{"count":1,"href":"https:\/\/iparaiba.com.br\/index.php\/wp-json\/wp\/v2\/posts\/121652\/revisions"}],"predecessor-version":[{"id":121684,"href":"https:\/\/iparaiba.com.br\/index.php\/wp-json\/wp\/v2\/posts\/121652\/revisions\/121684"}],"wp:featuredmedia":[{"embeddable":true,"href":"https:\/\/iparaiba.com.br\/index.php\/wp-json\/wp\/v2\/media\/119197"}],"wp:attachment":[{"href":"https:\/\/iparaiba.com.br\/index.php\/wp-json\/wp\/v2\/media?parent=121652"}],"wp:term":[{"taxonomy":"category","embeddable":true,"href":"https:\/\/iparaiba.com.br\/index.php\/wp-json\/wp\/v2\/categories?post=121652"},{"taxonomy":"post_tag","embeddable":true,"href":"https:\/\/iparaiba.com.br\/index.php\/wp-json\/wp\/v2\/tags?post=121652"}],"curies":[{"name":"wp","href":"https:\/\/api.w.org\/{rel}","templated":true}]}}