{"id":121651,"date":"2024-03-25T18:16:51","date_gmt":"2024-03-25T21:16:51","guid":{"rendered":"https:\/\/onordeste.com.br\/?p=121646"},"modified":"2024-03-25T18:16:51","modified_gmt":"2024-03-25T21:16:51","slug":"definicao-de-que-segurado-nao-pode-escolher-melhor-calculo-para-aposentadoria","status":"publish","type":"post","link":"https:\/\/iparaiba.com.br\/index.php\/2024\/03\/25\/definicao-de-que-segurado-nao-pode-escolher-melhor-calculo-para-aposentadoria\/","title":{"rendered":"Segurado n\u00e3o pode escolher melhor c\u00e1lculo para aposentadoria"},"content":{"rendered":"<p>A decis\u00e3o do Plen\u00e1rio sobre a regra de transi\u00e7\u00e3o do fator previdenci\u00e1rio \u00e9 um dos destaques do epis\u00f3dio #108 do podcast Supremo na Semana, que vai ao ar neste s\u00e1bado (23). Segundo o colegiado, a f\u00f3rmula, utilizada para o c\u00e1lculo do benef\u00edcio dos segurados filiados antes da reforma da Previd\u00eancia de 1999, \u00e9 de aplica\u00e7\u00e3o obrigat\u00f3ria.<\/p>\n<p>Clique\u00a0<a href=\"https:\/\/open.spotify.com\/episode\/5iE0zJS5rCyGzOCS0n8d27\" target=\"_blank\" rel=\"noopener\">aqui para ouvir<\/a>\u00a0e\u00a0<a href=\"https:\/\/www.youtube.com\/watch?v=kWZRecd4a2g\" target=\"_blank\" rel=\"noopener\">aqui para assistir<\/a>.<\/p>\n<p>O epis\u00f3dio tamb\u00e9m analisa a conclus\u00e3o do julgamento de a\u00e7\u00f5es da chamada &#8220;pauta verde&#8221;, em que o Tribunal determinou \u00e0 Uni\u00e3o que apresente, em 90 dias, plano de preven\u00e7\u00e3o e combate a inc\u00eandios no Pantanal e na Amaz\u00f4nia.<\/p>\n<p>Outro tema \u00e9 a rejei\u00e7\u00e3o, pelo ministro Luiz Fux, de um pedido da defesa do ex-jogador Robson de Souza, o Robinho, para aguardar em liberdade o julgamento de recursos contra a decis\u00e3o do Superior Tribunal de Justi\u00e7a (STJ), que validou decis\u00e3o da Justi\u00e7a da It\u00e1lia, pelo crime de estupro, e determinou o cumprimento imediato da pris\u00e3o.<\/p>\n<p>Esta edi\u00e7\u00e3o do Supremo na Semana \u00e9 apresentada por Alessandra Castro, editora-chefe na R\u00e1dio e TV Justi\u00e7a, e tem coment\u00e1rios de Gisele Reis, consultora jur\u00eddica da R\u00e1dio e TV Justi\u00e7a, e de Mauro Burlamaqui, da Secretaria de Comunica\u00e7\u00e3o do STF.<\/p>\n","protected":false},"excerpt":{"rendered":"<p>A decis\u00e3o do Plen\u00e1rio sobre a regra de transi\u00e7\u00e3o do fator previdenci\u00e1rio \u00e9 um dos destaques do epis\u00f3dio #108 do podcast Supremo na Semana, que vai ao ar neste s\u00e1bado (23). Segundo o colegiado, a f\u00f3rmula, utilizada para o c\u00e1lculo do benef\u00edcio dos segurados filiados antes da reforma da Previd\u00eancia de 1999, \u00e9 de aplica\u00e7\u00e3o &hellip;<\/p>\n","protected":false},"author":1,"featured_media":98199,"comment_status":"open","ping_status":"open","sticky":false,"template":"","format":"standard","meta":{"footnotes":""},"categories":[18],"tags":[],"class_list":["post-121651","post","type-post","status-publish","format-standard","has-post-thumbnail","hentry","category-brasil"],"_links":{"self":[{"href":"https:\/\/iparaiba.com.br\/index.php\/wp-json\/wp\/v2\/posts\/121651","targetHints":{"allow":["GET"]}}],"collection":[{"href":"https:\/\/iparaiba.com.br\/index.php\/wp-json\/wp\/v2\/posts"}],"about":[{"href":"https:\/\/iparaiba.com.br\/index.php\/wp-json\/wp\/v2\/types\/post"}],"author":[{"embeddable":true,"href":"https:\/\/iparaiba.com.br\/index.php\/wp-json\/wp\/v2\/users\/1"}],"replies":[{"embeddable":true,"href":"https:\/\/iparaiba.com.br\/index.php\/wp-json\/wp\/v2\/comments?post=121651"}],"version-history":[{"count":1,"href":"https:\/\/iparaiba.com.br\/index.php\/wp-json\/wp\/v2\/posts\/121651\/revisions"}],"predecessor-version":[{"id":121683,"href":"https:\/\/iparaiba.com.br\/index.php\/wp-json\/wp\/v2\/posts\/121651\/revisions\/121683"}],"wp:featuredmedia":[{"embeddable":true,"href":"https:\/\/iparaiba.com.br\/index.php\/wp-json\/wp\/v2\/media\/98199"}],"wp:attachment":[{"href":"https:\/\/iparaiba.com.br\/index.php\/wp-json\/wp\/v2\/media?parent=121651"}],"wp:term":[{"taxonomy":"category","embeddable":true,"href":"https:\/\/iparaiba.com.br\/index.php\/wp-json\/wp\/v2\/categories?post=121651"},{"taxonomy":"post_tag","embeddable":true,"href":"https:\/\/iparaiba.com.br\/index.php\/wp-json\/wp\/v2\/tags?post=121651"}],"curies":[{"name":"wp","href":"https:\/\/api.w.org\/{rel}","templated":true}]}}