{"id":121623,"date":"2024-03-22T12:00:35","date_gmt":"2024-03-22T15:00:35","guid":{"rendered":"https:\/\/onordeste.com.br\/?p=121623"},"modified":"2024-03-22T12:00:35","modified_gmt":"2024-03-22T15:00:35","slug":"ministerio-planeja-redistribuicao-de-1-milhao-de-vacinas-da-dengue","status":"publish","type":"post","link":"https:\/\/iparaiba.com.br\/index.php\/2024\/03\/22\/ministerio-planeja-redistribuicao-de-1-milhao-de-vacinas-da-dengue\/","title":{"rendered":"Minist\u00e9rio planeja redistribui\u00e7\u00e3o de 1 milh\u00e3o de vacinas da dengue"},"content":{"rendered":"<p class=\"\">O Minist\u00e9rio da Sa\u00fade vai redefinir a estrat\u00e9gia de distribui\u00e7\u00e3o das vacinas da dengue. A medida busca o melhor aproveitamento das doses seguindo um novo ranking estabelecido pelo Departamento do Programa Nacional de Imuniza\u00e7\u00f5es (DPNI) &#8211; com amplia\u00e7\u00e3o de estados e munic\u00edpios. A medida foi anunciada pela ministra N\u00edsia Trindade, nesta quarta-feira (20\/3), em entrevista coletiva.<\/p>\n<p class=\"\">Segundo a ministra, ser\u00e3o levados em conta os dados epidemiol\u00f3gicos atualizados e os estoques de vacina em cada unidade da federa\u00e7\u00e3o. \u201cEstamos trabalhando com respaldo dos conselhos estaduais e municipais de sa\u00fade e do nosso comit\u00ea t\u00e9cnico para que possamos aproveitar as vacinas que n\u00e3o foram utilizadas neste momento. Vamos fazer a redistribui\u00e7\u00e3o das doses que n\u00e3o foram aplicadas usando um ranqueamento dos munic\u00edpios que est\u00e3o em emerg\u00eancia por dengue\u201d, explicou.<\/p>\n<p class=\"\">At\u00e9 o momento, 1,5 milh\u00e3o de doses foram distribu\u00eddas, a partir do lote recebido pela empresa fabricante. Dessas, 435 mil foram aplicadas. A secret\u00e1ria de Vigil\u00e2ncia em Sa\u00fade e Ambiente, Ethel Maciel, informou que, em breve, ser\u00e1 divulgada nota t\u00e9cnica com orienta\u00e7\u00f5es sobre a redistribui\u00e7\u00e3o de doses dentro dos respectivos estados priorizados na vacina\u00e7\u00e3o.<\/p>\n<blockquote>\n<hr \/>\n<h3><strong>\u201cNosso novo crit\u00e9rio \u00e9 que os munic\u00edpios que est\u00e3o com maior n\u00famero de casos recebam essas doses\u201d, disse, refor\u00e7ando que h\u00e1 toda uma log\u00edstica complexa para distribui\u00e7\u00e3o.<\/strong><\/h3>\n<hr \/>\n<\/blockquote>\n<p class=\"\">Na entrevista, tamb\u00e9m foi anunciada a destina\u00e7\u00e3o de mais de R$ 300 milh\u00f5es para o incremento financeiro federal do Componente B\u00e1sico da Assist\u00eancia Farmac\u00eautica no Sistema \u00danico de Sa\u00fade (SUS). A recomposi\u00e7\u00e3o do or\u00e7amento se dar\u00e1 por meio de aumento retroativo e contempla medicamentos que tratam sintomas da dengue.<\/p>\n<p class=\"\">O Minist\u00e9rio da Sa\u00fade tamb\u00e9m tem oferecido apoio financeiro aos estados e munic\u00edpios que decretaram emerg\u00eancia em sa\u00fade p\u00fablica por causa da dengue ou outras crises sanit\u00e1rias. At\u00e9 o momento, R$ 79 milh\u00f5es foram destinados para esse fim.<\/p>\n<p class=\"\">Os recursos s\u00e3o fruto de portaria destinada para medidas de preven\u00e7\u00e3o, controle e conten\u00e7\u00e3o de riscos, danos e agravos \u00e0 sa\u00fade p\u00fablica em situa\u00e7\u00f5es que podem ser epidemiol\u00f3gicas, de desastres, ou de desassist\u00eancia \u00e0 popula\u00e7\u00e3o. Para receber o recurso, o estado ou munic\u00edpio deve enviar ao governo federal um of\u00edcio com a declara\u00e7\u00e3o de emerg\u00eancia em sa\u00fade. Os repasses ser\u00e3o mensais durante a vig\u00eancia do decreto de emerg\u00eancia.<\/p>\n<p class=\"\">\u201cNeste momento, no entanto, nosso foco \u00e9 continuar naturalmente o controle e o combate ao mosquito.\u00a0 Temos de dar aten\u00e7\u00e3o priorit\u00e1ria e impedir os casos graves ou fazer com que eles sejam tratados adequadamente\u201d, refor\u00e7ou N\u00edsia Trindade.\u00a0 Segundo a ministra, ainda \u00e9 mais importante eliminar os criadouros do mosquito Aedes\u00a0<em>aegypti\u00a0<\/em>para evitar a doen\u00e7a, uma vez que n\u00e3o h\u00e1 doses de vacinas suficientes para a maior parte da popula\u00e7\u00e3o.<\/p>\n<h4><strong>Cen\u00e1rio epidemiol\u00f3gico<\/strong><\/h4>\n<p class=\"\">At\u00e9 agora, o Brasil registra 1,9 milh\u00e3o de casos prov\u00e1veis da doen\u00e7a e 630 mortes. Foram publicados 350 decretos municipais e 11 decretos estaduais de emerg\u00eancia por causa da enfermidade.<\/p>\n<p class=\"\">A letalidade de \u00f3bito sobre o total de casos prov\u00e1veis est\u00e1 em 0,03% entre a semana 1 a 10 deste ano ante os 0,07% do mesmo per\u00edodo de 2023. Quanto \u00e0 letalidade de \u00f3bito sobre o total de casos graves, o percentual est\u00e1 em 3,4%. No ano passado, estava em 5,1% na mesma \u00e9poca. Os indicadores, portanto, indicam redu\u00e7\u00e3o nas taxas de letalidade pela doen\u00e7a nas dez primeiras semanas epidemiol\u00f3gicas de 2024 quando comparado ao mesmo per\u00edodo de 2023.<\/p>\n<p class=\"\">A taxa de letalidade \u00e9 um indicador importante utilizado pela pasta para monitorar o n\u00famero de \u00f3bitos em um per\u00edodo sobre o n\u00famero de pessoas doentes pelo agravo. Diferentemente da taxa de mortalidade &#8211; que \u00e9 obtida dividindo-se o n\u00famero de \u00f3bitos pela popula\u00e7\u00e3o em risco em um per\u00edodo de tempo -, a taxa de letalidade \u00e9 um indicador que apresenta a mortalidade entre quem realmente adoeceu dentro da popula\u00e7\u00e3o em risco.<\/p>\n<p class=\"\">Nesta quarta, a secret\u00e1ria Ethel Maciel, detalhou as comorbidades mais frequentes em rela\u00e7\u00e3o \u00e0 idade dos pacientes com dengue:<\/p>\n<p class=\"\"><strong>Em menores ou = 14 anos<\/strong><\/p>\n<ul>\n<li>hematol\u00f3gicas: 18%<\/li>\n<li>autoimunes: 3,6%<\/li>\n<li>Renal cr\u00f4nica: 3,6%<\/li>\n<li>\u00c1cido p\u00e9ptica: 3,6%<\/li>\n<\/ul>\n<p class=\"\"><strong>1\u00a0<\/strong><strong>5 a 60 anos<\/strong><\/p>\n<ul>\n<li>Hipertens\u00e3o: 18%<\/li>\n<li>Diabetes: 13%<\/li>\n<li>Doen\u00e7as hematol\u00f3gicas:7,6%<\/li>\n<li>Doen\u00e7as autoimunes: 6,8%<\/li>\n<\/ul>\n<p class=\"\"><strong>Maiores de 60 anos<\/strong><\/p>\n<ul>\n<li>Hipertens\u00e3o: 61%<\/li>\n<li>Diabetes: 31%<\/li>\n<li>Doen\u00e7as renal cr\u00f4nica: 9,1%<\/li>\n<li>Doen\u00e7as autoimunes: 3,4%<\/li>\n<\/ul>\n","protected":false},"excerpt":{"rendered":"<p>O Minist\u00e9rio da Sa\u00fade vai redefinir a estrat\u00e9gia de distribui\u00e7\u00e3o das vacinas da dengue. A medida busca o melhor aproveitamento das doses seguindo um novo ranking estabelecido pelo Departamento do Programa Nacional de Imuniza\u00e7\u00f5es (DPNI) &#8211; com amplia\u00e7\u00e3o de estados e munic\u00edpios. A medida foi anunciada pela ministra N\u00edsia Trindade, nesta quarta-feira (20\/3), em entrevista &hellip;<\/p>\n","protected":false},"author":1,"featured_media":109547,"comment_status":"open","ping_status":"open","sticky":false,"template":"","format":"standard","meta":{"footnotes":""},"categories":[2],"tags":[],"class_list":["post-121623","post","type-post","status-publish","format-standard","has-post-thumbnail","hentry","category-saude"],"_links":{"self":[{"href":"https:\/\/iparaiba.com.br\/index.php\/wp-json\/wp\/v2\/posts\/121623","targetHints":{"allow":["GET"]}}],"collection":[{"href":"https:\/\/iparaiba.com.br\/index.php\/wp-json\/wp\/v2\/posts"}],"about":[{"href":"https:\/\/iparaiba.com.br\/index.php\/wp-json\/wp\/v2\/types\/post"}],"author":[{"embeddable":true,"href":"https:\/\/iparaiba.com.br\/index.php\/wp-json\/wp\/v2\/users\/1"}],"replies":[{"embeddable":true,"href":"https:\/\/iparaiba.com.br\/index.php\/wp-json\/wp\/v2\/comments?post=121623"}],"version-history":[{"count":1,"href":"https:\/\/iparaiba.com.br\/index.php\/wp-json\/wp\/v2\/posts\/121623\/revisions"}],"predecessor-version":[{"id":121644,"href":"https:\/\/iparaiba.com.br\/index.php\/wp-json\/wp\/v2\/posts\/121623\/revisions\/121644"}],"wp:featuredmedia":[{"embeddable":true,"href":"https:\/\/iparaiba.com.br\/index.php\/wp-json\/wp\/v2\/media\/109547"}],"wp:attachment":[{"href":"https:\/\/iparaiba.com.br\/index.php\/wp-json\/wp\/v2\/media?parent=121623"}],"wp:term":[{"taxonomy":"category","embeddable":true,"href":"https:\/\/iparaiba.com.br\/index.php\/wp-json\/wp\/v2\/categories?post=121623"},{"taxonomy":"post_tag","embeddable":true,"href":"https:\/\/iparaiba.com.br\/index.php\/wp-json\/wp\/v2\/tags?post=121623"}],"curies":[{"name":"wp","href":"https:\/\/api.w.org\/{rel}","templated":true}]}}