{"id":121617,"date":"2024-03-22T08:00:22","date_gmt":"2024-03-22T11:00:22","guid":{"rendered":"https:\/\/onordeste.com.br\/?p=121617"},"modified":"2024-03-22T08:00:22","modified_gmt":"2024-03-22T11:00:22","slug":"pf-faz-operacao-contra-trafico-de-drogas","status":"publish","type":"post","link":"https:\/\/iparaiba.com.br\/index.php\/2024\/03\/22\/pf-faz-operacao-contra-trafico-de-drogas\/","title":{"rendered":"PF faz opera\u00e7\u00e3o contra tr\u00e1fico de drogas"},"content":{"rendered":"<p><b>Vit\u00f3ria\/ES. a<\/b>\u00a0Pol\u00edcia Federal cumpre 18 mandados de busca e apreens\u00e3o e 17 mandados de pris\u00e3o tempor\u00e1ria expedidos pela 4\u00aa Vara Criminal de Vit\u00f3ria, contra grupo de pessoas supostamente associadas \u00e0 maior fac\u00e7\u00e3o criminosa do Rio de Janeiro. Os investigados estariam envolvidos em tr\u00e1fico interestadual de drogas e com\u00e9rcio ilegal de armas de fogo.<\/p>\n<p>A investiga\u00e7\u00e3o teve in\u00edcio em julho de 2023 com a pris\u00e3o em flagrante de um homem surpreendido durante fiscaliza\u00e7\u00e3o da Pol\u00edcia Federal ao desembarcar de um \u00f4nibus oriundo do Rio de Janeiro, transportando 2 tabletes de maconha, 20 tabletes de pasta base de coca\u00edna, uma pistola calibre .380, 1 carregador de pistola calibre .40 e 57 muni\u00e7\u00f5es calibre .40.<\/p>\n<p>Com a avan\u00e7o das investiga\u00e7\u00f5es, evidenciou-se a exist\u00eancia de uma rede criminosa voltada para o tr\u00e1fico de drogas e o com\u00e9rcio ilegal de armas de fogo, notadamente entre os estados do Rio de Janeiro, Esp\u00edrito Santo e Minas Gerais.<\/p>\n<p>Os mandados est\u00e3o sendo cumpridos nas cidades de Vit\u00f3ria\/ES, Governador Valadares\/MG e S\u00e3o Paulo\/SP. A investiga\u00e7\u00e3o busca agora obter novas provas do envolvimento dos investigados e identificar outras pessoas que teriam participa\u00e7\u00e3o nos crimes.<\/p>\n<p>Caso sejam condenados, os investigados poder\u00e3o responder pelos crimes de tr\u00e1fico e associa\u00e7\u00e3o ao tr\u00e1fico de drogas, cujas penas somadas podem chegar a 25 anos de reclus\u00e3o, al\u00e9m do com\u00e9rcio ilegal de arma de fogo, caso seja confirmada a participa\u00e7\u00e3o de cada investigado na compra e venda das armas, crime cuja pena m\u00e1xima \u00e9 de 12 anos de reclus\u00e3o<b>.<\/b><\/p>\n<p align=\"right\"><i>Assessoria de Comunica\u00e7\u00e3o Social<\/i><\/p>\n","protected":false},"excerpt":{"rendered":"<p>Vit\u00f3ria\/ES. a\u00a0Pol\u00edcia Federal cumpre 18 mandados de busca e apreens\u00e3o e 17 mandados de pris\u00e3o tempor\u00e1ria expedidos pela 4\u00aa Vara Criminal de Vit\u00f3ria, contra grupo de pessoas supostamente associadas \u00e0 maior fac\u00e7\u00e3o criminosa do Rio de Janeiro. Os investigados estariam envolvidos em tr\u00e1fico interestadual de drogas e com\u00e9rcio ilegal de armas de fogo. A investiga\u00e7\u00e3o &hellip;<\/p>\n","protected":false},"author":1,"featured_media":109505,"comment_status":"open","ping_status":"open","sticky":false,"template":"","format":"standard","meta":{"footnotes":""},"categories":[13],"tags":[],"class_list":["post-121617","post","type-post","status-publish","format-standard","has-post-thumbnail","hentry","category-policial"],"_links":{"self":[{"href":"https:\/\/iparaiba.com.br\/index.php\/wp-json\/wp\/v2\/posts\/121617","targetHints":{"allow":["GET"]}}],"collection":[{"href":"https:\/\/iparaiba.com.br\/index.php\/wp-json\/wp\/v2\/posts"}],"about":[{"href":"https:\/\/iparaiba.com.br\/index.php\/wp-json\/wp\/v2\/types\/post"}],"author":[{"embeddable":true,"href":"https:\/\/iparaiba.com.br\/index.php\/wp-json\/wp\/v2\/users\/1"}],"replies":[{"embeddable":true,"href":"https:\/\/iparaiba.com.br\/index.php\/wp-json\/wp\/v2\/comments?post=121617"}],"version-history":[{"count":1,"href":"https:\/\/iparaiba.com.br\/index.php\/wp-json\/wp\/v2\/posts\/121617\/revisions"}],"predecessor-version":[{"id":121641,"href":"https:\/\/iparaiba.com.br\/index.php\/wp-json\/wp\/v2\/posts\/121617\/revisions\/121641"}],"wp:featuredmedia":[{"embeddable":true,"href":"https:\/\/iparaiba.com.br\/index.php\/wp-json\/wp\/v2\/media\/109505"}],"wp:attachment":[{"href":"https:\/\/iparaiba.com.br\/index.php\/wp-json\/wp\/v2\/media?parent=121617"}],"wp:term":[{"taxonomy":"category","embeddable":true,"href":"https:\/\/iparaiba.com.br\/index.php\/wp-json\/wp\/v2\/categories?post=121617"},{"taxonomy":"post_tag","embeddable":true,"href":"https:\/\/iparaiba.com.br\/index.php\/wp-json\/wp\/v2\/tags?post=121617"}],"curies":[{"name":"wp","href":"https:\/\/api.w.org\/{rel}","templated":true}]}}