{"id":121615,"date":"2024-03-22T06:00:01","date_gmt":"2024-03-22T09:00:01","guid":{"rendered":"https:\/\/onordeste.com.br\/?p=121615"},"modified":"2024-03-22T06:00:01","modified_gmt":"2024-03-22T09:00:01","slug":"pf-apreende-cerca-de-1-3-tonelada-de-cocaina-armas-e-municoes","status":"publish","type":"post","link":"https:\/\/iparaiba.com.br\/index.php\/2024\/03\/22\/pf-apreende-cerca-de-1-3-tonelada-de-cocaina-armas-e-municoes\/","title":{"rendered":"PF apreende cerca de 1.3 tonelada de coca\u00edna, armas e muni\u00e7\u00f5es"},"content":{"rendered":"<p><b>Itaja\u00ed\/SC<\/b>. Na noite desta segunda-feira, 18\/3, a Pol\u00edcia Federal conseguiu identificar duas resid\u00eancias, localizadas em Balne\u00e1rio Cambori\u00fa\/SC e outra em Joinville\/SC, que serviam de dep\u00f3sito e laborat\u00f3rio para prepara\u00e7\u00e3o de coca\u00edna. Al\u00e9m da droga, tamb\u00e9m foram apreendidas armas de calibre restrito. Seis pessoas foram presas.<\/p>\n<p>A a\u00e7\u00e3o foi iniciada ap\u00f3s identifica\u00e7\u00e3o e acompanhamento de um ve\u00edculo suspeito utilizado para o transporte de drogas entre cidades do litoral norte de Santa Catarina. Ao chegar a uma resid\u00eancia localizada em Balne\u00e1rio Cambori\u00fa, os policiais realizaram a abordagem do ve\u00edculo, encontrando cerca de 20 kg de coca\u00edna no porta-malas do ve\u00edculo.<\/p>\n<p>J\u00e1 no interior do im\u00f3vel, os policiais encontraram mais 424 kg de subst\u00e2ncia assemelhada a coca\u00edna, distribu\u00edda em v\u00e1rios c\u00f4modos da casa e em outros dois ve\u00edculos que ali se encontravam, totalizando 444 kg. Tamb\u00e9m foram apreendidas uma balan\u00e7a, v\u00e1rias embalagens e materiais para o preparo da droga, com o fim de ser transportada e comercializada. Quatro pessoas que se encontravam na resid\u00eancia e faziam o preparo e guarda da droga foram presas em flagrante delito.<\/p>\n<p>Em raz\u00e3o de ind\u00edcios colhidos no local, os policiais apuraram que poderia haver um outro im\u00f3vel em Joinville, de onde o ve\u00edculo teria partido, que tamb\u00e9m seria usado pelo grupo criminoso como dep\u00f3sito de drogas. No local foram encontrados mais 892 kg de coca\u00edna, uma metralhadora .50; 10 fuzis; 11 pistolas de calibre restrito; 52 carregadores para fuzis e 10 para pistolas; duas granadas; cerca de 650 muni\u00e7\u00f5es de calibre restrito e 50 de calibre permitido. Uma pessoa foi presa em flagrante nesta segunda resid\u00eancia.\u00a0A a\u00e7\u00e3o tamb\u00e9m contou com o apoio da Pol\u00edcia Rodovi\u00e1ria Federal e da Pol\u00edcia Militar.<\/p>\n<p>Os presos responder\u00e3o pelo crime de tr\u00e1fico de drogas, associa\u00e7\u00e3o para o tr\u00e1fico e porte ilegal de arma de fogo de calibre restrito. Todos ser\u00e3o encaminhados ao pres\u00eddio onde ficar\u00e3o \u00e0 disposi\u00e7\u00e3o da justi\u00e7a.<\/p>\n<p><i>Comunica\u00e7\u00e3o Social da Pol\u00edcia Federal em Santa Catarina\/SC<\/i><\/p>\n","protected":false},"excerpt":{"rendered":"<p>Itaja\u00ed\/SC. Na noite desta segunda-feira, 18\/3, a Pol\u00edcia Federal conseguiu identificar duas resid\u00eancias, localizadas em Balne\u00e1rio Cambori\u00fa\/SC e outra em Joinville\/SC, que serviam de dep\u00f3sito e laborat\u00f3rio para prepara\u00e7\u00e3o de coca\u00edna. Al\u00e9m da droga, tamb\u00e9m foram apreendidas armas de calibre restrito. Seis pessoas foram presas. A a\u00e7\u00e3o foi iniciada ap\u00f3s identifica\u00e7\u00e3o e acompanhamento de um &hellip;<\/p>\n","protected":false},"author":1,"featured_media":109043,"comment_status":"open","ping_status":"open","sticky":false,"template":"","format":"standard","meta":{"footnotes":""},"categories":[13],"tags":[],"class_list":["post-121615","post","type-post","status-publish","format-standard","has-post-thumbnail","hentry","category-policial"],"_links":{"self":[{"href":"https:\/\/iparaiba.com.br\/index.php\/wp-json\/wp\/v2\/posts\/121615","targetHints":{"allow":["GET"]}}],"collection":[{"href":"https:\/\/iparaiba.com.br\/index.php\/wp-json\/wp\/v2\/posts"}],"about":[{"href":"https:\/\/iparaiba.com.br\/index.php\/wp-json\/wp\/v2\/types\/post"}],"author":[{"embeddable":true,"href":"https:\/\/iparaiba.com.br\/index.php\/wp-json\/wp\/v2\/users\/1"}],"replies":[{"embeddable":true,"href":"https:\/\/iparaiba.com.br\/index.php\/wp-json\/wp\/v2\/comments?post=121615"}],"version-history":[{"count":1,"href":"https:\/\/iparaiba.com.br\/index.php\/wp-json\/wp\/v2\/posts\/121615\/revisions"}],"predecessor-version":[{"id":121640,"href":"https:\/\/iparaiba.com.br\/index.php\/wp-json\/wp\/v2\/posts\/121615\/revisions\/121640"}],"wp:featuredmedia":[{"embeddable":true,"href":"https:\/\/iparaiba.com.br\/index.php\/wp-json\/wp\/v2\/media\/109043"}],"wp:attachment":[{"href":"https:\/\/iparaiba.com.br\/index.php\/wp-json\/wp\/v2\/media?parent=121615"}],"wp:term":[{"taxonomy":"category","embeddable":true,"href":"https:\/\/iparaiba.com.br\/index.php\/wp-json\/wp\/v2\/categories?post=121615"},{"taxonomy":"post_tag","embeddable":true,"href":"https:\/\/iparaiba.com.br\/index.php\/wp-json\/wp\/v2\/tags?post=121615"}],"curies":[{"name":"wp","href":"https:\/\/api.w.org\/{rel}","templated":true}]}}