{"id":121613,"date":"2024-03-21T18:00:11","date_gmt":"2024-03-21T21:00:11","guid":{"rendered":"https:\/\/onordeste.com.br\/?p=121613"},"modified":"2024-03-21T18:00:11","modified_gmt":"2024-03-21T21:00:11","slug":"ccj-e-favoravel-ao-gerenciamento-adequado-de-residuos-solidos","status":"publish","type":"post","link":"https:\/\/iparaiba.com.br\/index.php\/2024\/03\/21\/ccj-e-favoravel-ao-gerenciamento-adequado-de-residuos-solidos\/","title":{"rendered":"CCJ \u00e9 favor\u00e1vel ao gerenciamento adequado de res\u00edduos s\u00f3lidos"},"content":{"rendered":"<p style=\"font-weight: 400;\">A Comiss\u00e3o de Constitui\u00e7\u00e3o, Justi\u00e7a, Reda\u00e7\u00e3o e Legisla\u00e7\u00e3o Participativa (CCJ) foi favor\u00e1vel ao projeto que disciplina a obrigatoriedade do gerenciamento adequado de res\u00edduos s\u00f3lidos gerados em eventos p\u00fablicos, privados ou p\u00fablico-privados. Ao todo, o colegiado foi favor\u00e1vel a seis Projetos de Lei Ordin\u00e1ria (PLO) e quatro Projetos de Decreto Legislativo (PDL). Ainda foram rejeitados dois PLOs e seis Vetos do Executivo foram mantidos.<\/p>\n<p style=\"font-weight: 400;\">O PLO , de Bruno Farias (Cidadania), acatado, define exig\u00eancias, obriga\u00e7\u00f5es e diretrizes para o gerenciamento adequado de res\u00edduos s\u00f3lidos gerados em eventos p\u00fablicos, privados ou p\u00fablico-privados, a serem realizados no munic\u00edpio, em conformidade com o estabelecido na Lei Federal n\u00b0 12.305, de 2 de agosto de 2010, que institui a Pol\u00edtica Nacional de Res\u00edduos S\u00f3lidos. De acordo com o documento, considera-se gerenciamento adequado de res\u00edduos s\u00f3lidos o conjunto de atividades exercidas, direta ou indiretamente, nas etapas p\u00f3s-gera\u00e7\u00e3o de res\u00edduos, contemplando as a\u00e7\u00f5es relacionadas ao descarte correto, coleta, transbordo, transporte, tratamento e destina\u00e7\u00e3o final ambientalmente adequada dos res\u00edduos s\u00f3lidos e disposi\u00e7\u00e3o final ambientalmente adequada dos rejeitos, de acordo com plano de gerenciamento de res\u00edduos s\u00f3lidos, exigidos na forma da legisla\u00e7\u00e3o. Ainda fica estabelecido que o cumprimento das obriga\u00e7\u00f5es e exig\u00eancias na nova norma recai sobre os organizadores dos eventos, os estabelecimentos onde ser\u00e3o realizados e os fornecedores dos materiais e produtos que gerem res\u00edduos. Os organizadores ou os estabelecimentos onde ser\u00e3o realizados os eventos t\u00eam a obriga\u00e7\u00e3o de oferecer a estrutura necess\u00e1ria para a destina\u00e7\u00e3o ambientalmente adequada dos res\u00edduos gerados pelos participantes, bem como incentiv\u00e1-los a fazer o descarte correto.<\/p>\n<p style=\"font-weight: 400;\"><a href=\"https:\/\/sapl.joaopessoa.pb.leg.br\/materia\/pesquisar-materia?tipo=1&amp;ementa=&amp;numero=1976&amp;numeracao__numero_materia=&amp;numero_protocolo=&amp;ano=2024&amp;autoria__autor=&amp;autoria__primeiro_autor=unknown&amp;autoria__autor__tipo=&amp;autoria__autor__parlamentar_set__filiacao__pa\" data-saferedirecturl=\"https:\/\/www.google.com\/url?q=https:\/\/sapl.joaopessoa.pb.leg.br\/materia\/pesquisar-materia?tipo%3D1%26ementa%3D%26numero%3D1976%26numeracao__numero_materia%3D%26numero_protocolo%3D%26ano%3D2024%26autoria__autor%3D%26autoria__primeiro_autor%3Dunknown%26autoria__autor__tipo%3D%26autoria__autor__parlamentar_set__filiacao__pa&amp;source=gmail&amp;ust=1711059689998000&amp;usg=AOvVaw3DX3eHukBE1Awc8s2qkOEf\">1976\/2024<\/a><\/p>\n<p style=\"font-weight: 400;\">Entre os projetos com parecer favor\u00e1vel, dois criam semanas celebrativas na cidade.O PLO , de Marmuthe Cavalcanti (Republicanos), cria a \u2018Semana Municipal da Prematuridade\u2019, a ser realizada no m\u00eas de novembro, em data compat\u00edvel com o dia 17 do mesmo m\u00eas, em que se comemora o \u2018Dia da Prematuridade\u2019. O objetivo \u00e9 realizar anualmente, nesse per\u00edodo, atividades e mobiliza\u00e7\u00f5es direcionadas ao enfrentamento do parto prematuro, com foco na preven\u00e7\u00e3o do nascimento antecipado e na conscientiza\u00e7\u00e3o sobre os riscos envolvidos, bem como na assist\u00eancia, prote\u00e7\u00e3o e promo\u00e7\u00e3o dos direitos dos beb\u00eas prematuros e suas fam\u00edlias, no contexto do m\u00eas \u2018Novembro Roxo\u2019. O PLO , de Dam\u00e1sio Franca (PP), institui a \u2018Semana de Conscientiza\u00e7\u00e3o acerca da Seguran\u00e7a Digital nas reparti\u00e7\u00f5es p\u00fablicas\u2019, a ser realizado, anualmente, na \u00faltima semana do m\u00eas de janeiro. A coordena\u00e7\u00e3o e planejamento das atividades a serem realizadas durante essa Semana poder\u00e1 ser realizada de forma centralizada pelo Poder Executivo Municipal ou descentralizada por cada \u00f3rg\u00e3o p\u00fablico.<\/p>\n<p style=\"font-weight: 400;\"><a href=\"https:\/\/sapl.joaopessoa.pb.leg.br\/materia\/pesquisar-materia?tipo=1&amp;ementa=&amp;numero=1903&amp;numeracao__numero_materia=&amp;numero_protocolo=&amp;ano=2024&amp;autoria__autor=&amp;autoria__primeiro_autor=unknown&amp;autoria__autor__tipo=&amp;autoria__autor__parlamentar_set__filiacao__pa\" data-saferedirecturl=\"https:\/\/www.google.com\/url?q=https:\/\/sapl.joaopessoa.pb.leg.br\/materia\/pesquisar-materia?tipo%3D1%26ementa%3D%26numero%3D1903%26numeracao__numero_materia%3D%26numero_protocolo%3D%26ano%3D2024%26autoria__autor%3D%26autoria__primeiro_autor%3Dunknown%26autoria__autor__tipo%3D%26autoria__autor__parlamentar_set__filiacao__pa&amp;source=gmail&amp;ust=1711059689998000&amp;usg=AOvVaw3kKUEP4J7M_XBA9NZsdWFc\">1903\/2024<\/a><a href=\"https:\/\/sapl.joaopessoa.pb.leg.br\/materia\/pesquisar-materia?tipo=1&amp;ementa=&amp;numero=1971&amp;numeracao__numero_materia=&amp;numero_protocolo=&amp;ano=2024&amp;autoria__autor=&amp;autoria__primeiro_autor=unknown&amp;autoria__autor__tipo=&amp;autoria__autor__parlamentar_set__filiacao__pa\" data-saferedirecturl=\"https:\/\/www.google.com\/url?q=https:\/\/sapl.joaopessoa.pb.leg.br\/materia\/pesquisar-materia?tipo%3D1%26ementa%3D%26numero%3D1971%26numeracao__numero_materia%3D%26numero_protocolo%3D%26ano%3D2024%26autoria__autor%3D%26autoria__primeiro_autor%3Dunknown%26autoria__autor__tipo%3D%26autoria__autor__parlamentar_set__filiacao__pa&amp;source=gmail&amp;ust=1711059689998000&amp;usg=AOvVaw0wIhrZ-FfsSV3pEYCvLds9\">1971\/2024<\/a><\/p>\n<p style=\"font-weight: 400;\">Outros dois projetos que foram acatados denominam ruas na cidade: o , de Durval Ferreira (PL), denominando de Rua Pastor Ant\u00f4nio Almeida de Meneses, a localizar-se no Bairro Ernesto Geisel, ao lado da Igreja Betel Brasileiro do Geisel; e o , do presidente da CMJP, vereador Dinho (Avante), denomina de Rua Luiz Joaquim da Silva uma art\u00e9ria ainda sem denomina\u00e7\u00e3o.<\/p>\n<p style=\"font-weight: 400;\"><a href=\"https:\/\/sapl.joaopessoa.pb.leg.br\/materia\/pesquisar-materia?tipo=1&amp;ementa=&amp;numero=1913&amp;numeracao__numero_materia=&amp;numero_protocolo=&amp;ano=2024&amp;autoria__autor=&amp;autoria__primeiro_autor=unknown&amp;autoria__autor__tipo=&amp;autoria__autor__parlamentar_set__filiacao__pa\" data-saferedirecturl=\"https:\/\/www.google.com\/url?q=https:\/\/sapl.joaopessoa.pb.leg.br\/materia\/pesquisar-materia?tipo%3D1%26ementa%3D%26numero%3D1913%26numeracao__numero_materia%3D%26numero_protocolo%3D%26ano%3D2024%26autoria__autor%3D%26autoria__primeiro_autor%3Dunknown%26autoria__autor__tipo%3D%26autoria__autor__parlamentar_set__filiacao__pa&amp;source=gmail&amp;ust=1711059689998000&amp;usg=AOvVaw2PCmpzCy-EGJuSlesH6fra\">1913\/2024<\/a><a href=\"https:\/\/sapl.joaopessoa.pb.leg.br\/materia\/pesquisar-materia?tipo=1&amp;ementa=&amp;numero=1961&amp;numeracao__numero_materia=&amp;numero_protocolo=&amp;ano=2024&amp;autoria__autor=&amp;autoria__primeiro_autor=unknown&amp;autoria__autor__tipo=&amp;autoria__autor__parlamentar_set__filiacao__pa\" data-saferedirecturl=\"https:\/\/www.google.com\/url?q=https:\/\/sapl.joaopessoa.pb.leg.br\/materia\/pesquisar-materia?tipo%3D1%26ementa%3D%26numero%3D1961%26numeracao__numero_materia%3D%26numero_protocolo%3D%26ano%3D2024%26autoria__autor%3D%26autoria__primeiro_autor%3Dunknown%26autoria__autor__tipo%3D%26autoria__autor__parlamentar_set__filiacao__pa&amp;source=gmail&amp;ust=1711059689998000&amp;usg=AOvVaw2iCM9OboXd3NeHMLAWDOIB\">1961\/2024<\/a><\/p>\n<p style=\"font-weight: 400;\">Tamb\u00e9m foi acatado o PLO , de Guga (PP), que cria o selo \u2018Condom\u00ednio Amigo dos Animais\u2019 no \u00e2mbito do Munic\u00edpio de Jo\u00e3o Pessoa, que ser\u00e1 concedido aos condom\u00ednios residenciais que adotem pr\u00e1ticas que contribuam para a prote\u00e7\u00e3o e bem-estar dos animais.<\/p>\n<p style=\"font-weight: 400;\"><a href=\"https:\/\/sapl.joaopessoa.pb.leg.br\/materia\/pesquisar-materia?tipo=1&amp;ementa=&amp;numero=1864&amp;numeracao__numero_materia=&amp;numero_protocolo=&amp;ano=2023&amp;autoria__autor=&amp;autoria__primeiro_autor\" data-saferedirecturl=\"https:\/\/www.google.com\/url?q=https:\/\/sapl.joaopessoa.pb.leg.br\/materia\/pesquisar-materia?tipo%3D1%26ementa%3D%26numero%3D1864%26numeracao__numero_materia%3D%26numero_protocolo%3D%26ano%3D2023%26autoria__autor%3D%26autoria__primeiro_autor&amp;source=gmail&amp;ust=1711059689998000&amp;usg=AOvVaw0MiZ9wvLHMbvHYHE5z43q4\">1864\/2023<\/a><\/p>\n<p style=\"font-weight: 400;\">Ainda foram acatados quatro Projetos de Decreto Legislativo com a outorga do T\u00edtulo de Cidad\u00e3o Pessoense a personalidades da cidade pelo seu extraordin\u00e1rio valor e servi\u00e7os prestados a cidade de Jo\u00e3o Pessoa. O PDL , do Bispo Jos\u00e9 Luiz (Republicanos), ao pastor Claudio Rodrigues Monteiro; o PDL , da Mesa Diretora, \u00e0 jornalista L\u00eddia de Moura Silva Cronemberger; o PDL , de Tarc\u00edsio Jardim (PP), ao Suboficial da Marinha do Brasil, Josivaldo Fideles dos Santos; e o PDL , de Marc\u00edlio do HBE (PRD), ao presidente da Confedera\u00e7\u00e3o Brasileira do Desporto Escolar (CBDE), Ant\u00f4nio Hora Filho.<\/p>\n<p style=\"font-weight: 400;\"><a href=\"https:\/\/sapl.joaopessoa.pb.leg.br\/materia\/pesquisar-materia?tipo=6&amp;ementa=&amp;numero=186&amp;numeracao__numero_materia=&amp;numero_protocolo=&amp;ano=2023&amp;autoria__autor=&amp;autoria__primeiro_autor=unknown&amp;autoria__autor__tipo\" data-saferedirecturl=\"https:\/\/www.google.com\/url?q=https:\/\/sapl.joaopessoa.pb.leg.br\/materia\/pesquisar-materia?tipo%3D6%26ementa%3D%26numero%3D186%26numeracao__numero_materia%3D%26numero_protocolo%3D%26ano%3D2023%26autoria__autor%3D%26autoria__primeiro_autor%3Dunknown%26autoria__autor__tipo&amp;source=gmail&amp;ust=1711059689998000&amp;usg=AOvVaw1J94qOwRTg1iwo2bRqERCL\">186\/2023<\/a><a href=\"https:\/\/sapl.joaopessoa.pb.leg.br\/materia\/pesquisar-materia?tipo=6&amp;ementa=&amp;numero=213&amp;numeracao__numero_materia=&amp;numero_protocolo=&amp;ano=2023&amp;autoria__autor=&amp;autoria__primeiro_autor=\" data-saferedirecturl=\"https:\/\/www.google.com\/url?q=https:\/\/sapl.joaopessoa.pb.leg.br\/materia\/pesquisar-materia?tipo%3D6%26ementa%3D%26numero%3D213%26numeracao__numero_materia%3D%26numero_protocolo%3D%26ano%3D2023%26autoria__autor%3D%26autoria__primeiro_autor%3D&amp;source=gmail&amp;ust=1711059689998000&amp;usg=AOvVaw0vMgIscrDvAKM9UzjMkA5h\">213\/2023<\/a><a href=\"https:\/\/sapl.joaopessoa.pb.leg.br\/materia\/pesquisar-materia?tipo=6&amp;ementa=&amp;numero=215&amp;numeracao__numero_materia=&amp;numero_protocolo=&amp;ano=2024&amp;autoria__autor=&amp;autoria__primeiro_autor=unknown&amp;autoria__autor__tipo=&amp;autoria__autor__parlamentar_set__filiacao__par\" data-saferedirecturl=\"https:\/\/www.google.com\/url?q=https:\/\/sapl.joaopessoa.pb.leg.br\/materia\/pesquisar-materia?tipo%3D6%26ementa%3D%26numero%3D215%26numeracao__numero_materia%3D%26numero_protocolo%3D%26ano%3D2024%26autoria__autor%3D%26autoria__primeiro_autor%3Dunknown%26autoria__autor__tipo%3D%26autoria__autor__parlamentar_set__filiacao__par&amp;source=gmail&amp;ust=1711059689998000&amp;usg=AOvVaw2jfA6Y6R32zkIzvimIi6VG\">215\/2024<\/a><a href=\"https:\/\/sapl.joaopessoa.pb.leg.br\/materia\/pesquisar-materia?tipo=6&amp;ementa=&amp;numero=216&amp;numeracao__numero_materia=&amp;numero_protocolo=&amp;ano=2024&amp;autoria__autor=&amp;autoria__primeiro_autor=unknown&amp;autoria__autor__tipo=&amp;autoria__autor__parlamentar_set__filiacao__par\" data-saferedirecturl=\"https:\/\/www.google.com\/url?q=https:\/\/sapl.joaopessoa.pb.leg.br\/materia\/pesquisar-materia?tipo%3D6%26ementa%3D%26numero%3D216%26numeracao__numero_materia%3D%26numero_protocolo%3D%26ano%3D2024%26autoria__autor%3D%26autoria__primeiro_autor%3Dunknown%26autoria__autor__tipo%3D%26autoria__autor__parlamentar_set__filiacao__par&amp;source=gmail&amp;ust=1711059689998000&amp;usg=AOvVaw3i5oDyz6Z7MVLYjmB0vy1V\">216\/2024<\/a><\/p>\n<p>CMJP<\/p>\n","protected":false},"excerpt":{"rendered":"<p>A Comiss\u00e3o de Constitui\u00e7\u00e3o, Justi\u00e7a, Reda\u00e7\u00e3o e Legisla\u00e7\u00e3o Participativa (CCJ) foi favor\u00e1vel ao projeto que disciplina a obrigatoriedade do gerenciamento adequado de res\u00edduos s\u00f3lidos gerados em eventos p\u00fablicos, privados ou p\u00fablico-privados. Ao todo, o colegiado foi favor\u00e1vel a seis Projetos de Lei Ordin\u00e1ria (PLO) e quatro Projetos de Decreto Legislativo (PDL). Ainda foram rejeitados dois &hellip;<\/p>\n","protected":false},"author":1,"featured_media":98912,"comment_status":"open","ping_status":"open","sticky":false,"template":"","format":"standard","meta":{"footnotes":""},"categories":[15],"tags":[],"class_list":["post-121613","post","type-post","status-publish","format-standard","has-post-thumbnail","hentry","category-links"],"_links":{"self":[{"href":"https:\/\/iparaiba.com.br\/index.php\/wp-json\/wp\/v2\/posts\/121613","targetHints":{"allow":["GET"]}}],"collection":[{"href":"https:\/\/iparaiba.com.br\/index.php\/wp-json\/wp\/v2\/posts"}],"about":[{"href":"https:\/\/iparaiba.com.br\/index.php\/wp-json\/wp\/v2\/types\/post"}],"author":[{"embeddable":true,"href":"https:\/\/iparaiba.com.br\/index.php\/wp-json\/wp\/v2\/users\/1"}],"replies":[{"embeddable":true,"href":"https:\/\/iparaiba.com.br\/index.php\/wp-json\/wp\/v2\/comments?post=121613"}],"version-history":[{"count":1,"href":"https:\/\/iparaiba.com.br\/index.php\/wp-json\/wp\/v2\/posts\/121613\/revisions"}],"predecessor-version":[{"id":121639,"href":"https:\/\/iparaiba.com.br\/index.php\/wp-json\/wp\/v2\/posts\/121613\/revisions\/121639"}],"wp:featuredmedia":[{"embeddable":true,"href":"https:\/\/iparaiba.com.br\/index.php\/wp-json\/wp\/v2\/media\/98912"}],"wp:attachment":[{"href":"https:\/\/iparaiba.com.br\/index.php\/wp-json\/wp\/v2\/media?parent=121613"}],"wp:term":[{"taxonomy":"category","embeddable":true,"href":"https:\/\/iparaiba.com.br\/index.php\/wp-json\/wp\/v2\/categories?post=121613"},{"taxonomy":"post_tag","embeddable":true,"href":"https:\/\/iparaiba.com.br\/index.php\/wp-json\/wp\/v2\/tags?post=121613"}],"curies":[{"name":"wp","href":"https:\/\/api.w.org\/{rel}","templated":true}]}}