{"id":121607,"date":"2024-03-21T12:00:06","date_gmt":"2024-03-21T15:00:06","guid":{"rendered":"https:\/\/onordeste.com.br\/?p=121607"},"modified":"2024-03-21T12:00:06","modified_gmt":"2024-03-21T15:00:06","slug":"oab-e-tse-firmam-parceria-para-fortalecer-o-combate-a-desinformacao-e-defender-a-democracia","status":"publish","type":"post","link":"https:\/\/iparaiba.com.br\/index.php\/2024\/03\/21\/oab-e-tse-firmam-parceria-para-fortalecer-o-combate-a-desinformacao-e-defender-a-democracia\/","title":{"rendered":"OAB e TSE firmam parceria para fortalecer o combate \u00e0 desinforma\u00e7\u00e3o e defender a democracia"},"content":{"rendered":"<p>Em cerim\u00f4nia realizada na sede do Tribunal Superior Eleitoral (TSE) foi formalizada a assinatura do Acordo de Coopera\u00e7\u00e3o T\u00e9cnica entre o TSE e OAB. O objetivo do acordo \u00e9 operacionalizar o Centro Integrado de Enfrentamento \u00e0 Desinforma\u00e7\u00e3o e Defesa da Democracia (CIEDDE), uma iniciativa do TSE em conjunto com diversas institui\u00e7\u00f5es para o combate \u00e0 dissemina\u00e7\u00e3o de not\u00edcias falsas e fortalecimento dos valores democr\u00e1ticos no pa\u00eds.<\/p>\n<p>O presidente da OAB Nacional, Beto Simonetti, ressaltou a relev\u00e2ncia do Centro na defesa dos princ\u00edpios democr\u00e1ticos e no papel da OAB como voz dos cidad\u00e3os. \u201cCumprimos o nosso dever de participar da vida pol\u00edtico-institucional do pa\u00eds para garantir o exerc\u00edcio democr\u00e1tico com \u00e9tica, transpar\u00eancia e efetiva participa\u00e7\u00e3o popular. O papel fiscalizador da Ordem e o bom funcionamento do processo eleitoral dependem da autonomia e da independ\u00eancia da advocacia \u2013 elementos necess\u00e1rios para assegurar o devido processo legal e a ampla defesa aos jurisdicionados\u201d, declarou.<\/p>\n<p>Em seu discurso, o presidente do TSE, ministro Alexandre de Moraes, declarou que o tribunal tem a responsabilidade de assegurar a liberdade do eleitor e de garantir a implementa\u00e7\u00e3o das decis\u00f5es da Corte, que j\u00e1 estabeleceu as diretrizes que devem ser seguidas pelas campanhas. A ministra C\u00e1rmen L\u00facia, vice-presidente do TSE e relatora das normas para o pleito deste ano, tamb\u00e9m participou do evento.<\/p>\n<p>\u201cO Tribunal Superior Eleitoral tem a miss\u00e3o de garantir a liberdade na hora da escolha da eleitora e do eleitor. E essa liberdade vem sendo atacada de forma virtual por mil\u00edcias digitais, que se aproveitando de not\u00edcias fraudulentas, de fake news, pretendem capturar a vontade do eleitor na hora do seu voto\u201d, disse Moraes.<\/p>\n<p>Estavam presentes na solenidade o ministro da Justi\u00e7a e Seguran\u00e7a P\u00fablica, Ricardo Lewandowski; o procurador-geral da Rep\u00fablica, Paulo Gonet; o presidente da Comiss\u00e3o de Direito Eleitoral, Sidney Neves, representantes dos Tribunais Regionais Eleitorais, e representantes das plataformas de redes sociais.<\/p>\n<div><\/div>\n","protected":false},"excerpt":{"rendered":"<p>Em cerim\u00f4nia realizada na sede do Tribunal Superior Eleitoral (TSE) foi formalizada a assinatura do Acordo de Coopera\u00e7\u00e3o T\u00e9cnica entre o TSE e OAB. O objetivo do acordo \u00e9 operacionalizar o Centro Integrado de Enfrentamento \u00e0 Desinforma\u00e7\u00e3o e Defesa da Democracia (CIEDDE), uma iniciativa do TSE em conjunto com diversas institui\u00e7\u00f5es para o combate \u00e0 &hellip;<\/p>\n","protected":false},"author":1,"featured_media":116667,"comment_status":"open","ping_status":"open","sticky":false,"template":"","format":"standard","meta":{"footnotes":""},"categories":[6],"tags":[],"class_list":["post-121607","post","type-post","status-publish","format-standard","has-post-thumbnail","hentry","category-destaques"],"_links":{"self":[{"href":"https:\/\/iparaiba.com.br\/index.php\/wp-json\/wp\/v2\/posts\/121607","targetHints":{"allow":["GET"]}}],"collection":[{"href":"https:\/\/iparaiba.com.br\/index.php\/wp-json\/wp\/v2\/posts"}],"about":[{"href":"https:\/\/iparaiba.com.br\/index.php\/wp-json\/wp\/v2\/types\/post"}],"author":[{"embeddable":true,"href":"https:\/\/iparaiba.com.br\/index.php\/wp-json\/wp\/v2\/users\/1"}],"replies":[{"embeddable":true,"href":"https:\/\/iparaiba.com.br\/index.php\/wp-json\/wp\/v2\/comments?post=121607"}],"version-history":[{"count":1,"href":"https:\/\/iparaiba.com.br\/index.php\/wp-json\/wp\/v2\/posts\/121607\/revisions"}],"predecessor-version":[{"id":121636,"href":"https:\/\/iparaiba.com.br\/index.php\/wp-json\/wp\/v2\/posts\/121607\/revisions\/121636"}],"wp:featuredmedia":[{"embeddable":true,"href":"https:\/\/iparaiba.com.br\/index.php\/wp-json\/wp\/v2\/media\/116667"}],"wp:attachment":[{"href":"https:\/\/iparaiba.com.br\/index.php\/wp-json\/wp\/v2\/media?parent=121607"}],"wp:term":[{"taxonomy":"category","embeddable":true,"href":"https:\/\/iparaiba.com.br\/index.php\/wp-json\/wp\/v2\/categories?post=121607"},{"taxonomy":"post_tag","embeddable":true,"href":"https:\/\/iparaiba.com.br\/index.php\/wp-json\/wp\/v2\/tags?post=121607"}],"curies":[{"name":"wp","href":"https:\/\/api.w.org\/{rel}","templated":true}]}}