{"id":121603,"date":"2024-03-21T08:00:11","date_gmt":"2024-03-21T11:00:11","guid":{"rendered":"https:\/\/onordeste.com.br\/?p=121603"},"modified":"2024-03-21T08:00:11","modified_gmt":"2024-03-21T11:00:11","slug":"defesa-civil-intensifica-o-monitoramento-apos-chuvas","status":"publish","type":"post","link":"https:\/\/iparaiba.com.br\/index.php\/2024\/03\/21\/defesa-civil-intensifica-o-monitoramento-apos-chuvas\/","title":{"rendered":"Defesa Civil intensifica o monitoramento ap\u00f3s chuvas"},"content":{"rendered":"<p style=\"font-weight: 400;\">A Prefeitura de Campina Grande, por meio da Defesa Civil, intensificou as a\u00e7\u00f5es de monitoramento e visitas \u00e0s \u00e1reas de risco ap\u00f3s as fortes chuvas registradas. Os agentes e t\u00e9cnicos do \u00f3rg\u00e3o est\u00e3o em campo e dispon\u00edveis para atender a popula\u00e7\u00e3o, em casos de alagamentos e desmoronamentos.<\/p>\n<p style=\"font-weight: 400;\">Dentre os transtornos ocasionados pelas chuvas na quarta (13), destaca-se a queda de algumas placas de draywall do teto na parte interior em um dos setores de atendimento na empresa calcantes AeC. Houve um problema na calha e escoamento da \u00e1gua da chuva, mas n\u00e3o houve feridos. E equipe da Defesa Civil esteve no local, acompanhou a empresa realizando a manuten\u00e7\u00e3o e ficou definido pelo isolamento da a\u00e9rea afetada devido \u00e0 exist\u00eancia de rede el\u00e9trica e o carpete estar encharcado.<\/p>\n<p style=\"font-weight: 400;\">Alguns pontos da cidade registraram alagamentos e a Defesa Civil exerceu o trabalho de desentupimento em alguns bueiros que sofreram alagamentos em conjunto com a Sesuma (Secretaria de Meio Ambiente e Servi\u00e7os Urbanos).<\/p>\n<p style=\"font-weight: 400;\">\u201cA equipe esteve em campo ontem, verificando os locais que costumam sofrer alagamentos. Estamos trabalhando em conjunto com a Secretaria de Servi\u00e7os Urbanos e Meio Ambiente, na limpeza dos canais, com o objetivo de evitar inunda\u00e7\u00f5es no per\u00edodo de chuvas\u201d, destacou o sargento R\u00e9gis Cavalcante, coordenador da Defesa Civil.<\/p>\n<p style=\"font-weight: 400;\">A previs\u00e3o para esta quinta-feira (14) \u00e9 de ocorr\u00eancias de chuvas com intensidade fraca a moderada, por vezes forte, com temperatura m\u00e1xima de 31 \u00baC e m\u00ednima de 22\u00baC, e em Campina Grande o tempo deve ficar favor\u00e1vel a ocorr\u00eancia de chuvas isoladas. A Defesa Civil possui uma equipe de plant\u00e3o 24h para atender a popula\u00e7\u00e3o.<\/p>\n<p style=\"font-weight: 400;\"><strong>Central de Atendimento &#8211;\u00a0<\/strong>Em casos de alagamentos e inunda\u00e7\u00f5es, a popula\u00e7\u00e3o pode entrar em contato com a Defesa Civil por meio do n\u00famero 199.<\/p>\n","protected":false},"excerpt":{"rendered":"<p>A Prefeitura de Campina Grande, por meio da Defesa Civil, intensificou as a\u00e7\u00f5es de monitoramento e visitas \u00e0s \u00e1reas de risco ap\u00f3s as fortes chuvas registradas. Os agentes e t\u00e9cnicos do \u00f3rg\u00e3o est\u00e3o em campo e dispon\u00edveis para atender a popula\u00e7\u00e3o, em casos de alagamentos e desmoronamentos. Dentre os transtornos ocasionados pelas chuvas na quarta &hellip;<\/p>\n","protected":false},"author":1,"featured_media":116670,"comment_status":"open","ping_status":"open","sticky":false,"template":"","format":"standard","meta":{"footnotes":""},"categories":[3],"tags":[],"class_list":["post-121603","post","type-post","status-publish","format-standard","has-post-thumbnail","hentry","category-nordeste"],"_links":{"self":[{"href":"https:\/\/iparaiba.com.br\/index.php\/wp-json\/wp\/v2\/posts\/121603","targetHints":{"allow":["GET"]}}],"collection":[{"href":"https:\/\/iparaiba.com.br\/index.php\/wp-json\/wp\/v2\/posts"}],"about":[{"href":"https:\/\/iparaiba.com.br\/index.php\/wp-json\/wp\/v2\/types\/post"}],"author":[{"embeddable":true,"href":"https:\/\/iparaiba.com.br\/index.php\/wp-json\/wp\/v2\/users\/1"}],"replies":[{"embeddable":true,"href":"https:\/\/iparaiba.com.br\/index.php\/wp-json\/wp\/v2\/comments?post=121603"}],"version-history":[{"count":1,"href":"https:\/\/iparaiba.com.br\/index.php\/wp-json\/wp\/v2\/posts\/121603\/revisions"}],"predecessor-version":[{"id":121634,"href":"https:\/\/iparaiba.com.br\/index.php\/wp-json\/wp\/v2\/posts\/121603\/revisions\/121634"}],"wp:featuredmedia":[{"embeddable":true,"href":"https:\/\/iparaiba.com.br\/index.php\/wp-json\/wp\/v2\/media\/116670"}],"wp:attachment":[{"href":"https:\/\/iparaiba.com.br\/index.php\/wp-json\/wp\/v2\/media?parent=121603"}],"wp:term":[{"taxonomy":"category","embeddable":true,"href":"https:\/\/iparaiba.com.br\/index.php\/wp-json\/wp\/v2\/categories?post=121603"},{"taxonomy":"post_tag","embeddable":true,"href":"https:\/\/iparaiba.com.br\/index.php\/wp-json\/wp\/v2\/tags?post=121603"}],"curies":[{"name":"wp","href":"https:\/\/api.w.org\/{rel}","templated":true}]}}